{"id":5648918,"date":"2018-12-18T09:55:43","date_gmt":"2018-12-18T09:55:43","guid":{"rendered":"https:\/\/www.herreradelduque.com\/?p=5648918"},"modified":"2018-12-18T09:57:43","modified_gmt":"2018-12-18T09:57:43","slug":"concierto-de-manolo-garcia","status":"publish","type":"post","link":"https:\/\/www.herreradelduque.com\/en\/concierto-de-manolo-garcia\/","title":{"rendered":"Concierto de Manolo Garc\u00eda"},"content":{"rendered":"<p>Lo estabas esperando, \u00a1\u00a1y aqu\u00ed est\u00e1!! Conciertazo el pr\u00f3ximo 11 de mayo<!--more--> en la Plaza de Toros.<\/p>\n<p>Entradas a la venta en el Palacio de la Cultura a partir del pr\u00f3ximo viernes 21 de diciembre. \u00a1\u00a1No te quedes sin la tuya porque volar\u00e1n!<\/p>\n","protected":false},"excerpt":{"rendered":"<p>Lo estabas esperando, &iexcl;&iexcl;y aqu&iacute; est&aacute;!! Conciertazo el pr&oacute;ximo 11 de mayo<\/p>\n","protected":false},"author":1,"featured_media":5648919,"comment_status":"open","ping_status":"open","sticky":false,"template":"","format":"standard","meta":[],"categories":[13],"tags":[],"_links":{"self":[{"href":"https:\/\/www.herreradelduque.com\/en\/wp-json\/wp\/v2\/posts\/5648918"}],"collection":[{"href":"https:\/\/www.herreradelduque.com\/en\/wp-json\/wp\/v2\/posts"}],"about":[{"href":"https:\/\/www.herreradelduque.com\/en\/wp-json\/wp\/v2\/types\/post"}],"author":[{"embeddable":true,"href":"https:\/\/www.herreradelduque.com\/en\/wp-json\/wp\/v2\/users\/1"}],"replies":[{"embeddable":true,"href":"https:\/\/www.herreradelduque.com\/en\/wp-json\/wp\/v2\/comments?post=5648918"}],"version-history":[{"count":4,"href":"https:\/\/www.herreradelduque.com\/en\/wp-json\/wp\/v2\/posts\/5648918\/revisions"}],"predecessor-version":[{"id":5648923,"href":"https:\/\/www.herreradelduque.com\/en\/wp-json\/wp\/v2\/posts\/5648918\/revisions\/5648923"}],"wp:featuredmedia":[{"embeddable":true,"href":"https:\/\/www.herreradelduque.com\/en\/wp-json\/wp\/v2\/media\/5648919"}],"wp:attachment":[{"href":"https:\/\/www.herreradelduque.com\/en\/wp-json\/wp\/v2\/media?parent=5648918"}],"wp:term":[{"taxonomy":"category","embeddable":true,"href":"https:\/\/www.herreradelduque.com\/en\/wp-json\/wp\/v2\/categories?post=5648918"},{"taxonomy":"post_tag","embeddable":true,"href":"https:\/\/www.herreradelduque.com\/en\/wp-json\/wp\/v2\/tags?post=5648918"}],"curies":[{"name":"wp","href":"https:\/\/api.w.org\/{rel}","templated":true}]}}