{"id":5649021,"date":"2019-02-07T13:33:20","date_gmt":"2019-02-07T13:33:20","guid":{"rendered":"https:\/\/www.herreradelduque.com\/?p=5649021"},"modified":"2019-02-07T13:33:20","modified_gmt":"2019-02-07T13:33:20","slug":"herrera-en-el-programa-de-otra-manera","status":"publish","type":"post","link":"https:\/\/www.herreradelduque.com\/en\/herrera-en-el-programa-de-otra-manera\/","title":{"rendered":"Herrera en el programa &#8216;De otra manera&#8217;"},"content":{"rendered":"<p>El programa de TV, &#8216;De otra manera&#8217;, emitir\u00e1 un reportaje sobre Herrera del Duque.<!--more--><\/p>\n<p>El programa del Canal Extremadura, <a href=\"http:\/\/www.canalextremadura.es\/tv\/entretenimiento\/de-otra-manera\" target=\"_blank\" rel=\"noopener\">&#8216;De otra manera&#8217;<\/a>, emitir\u00e1 un reportaje en el que participar\u00e1n las <strong>ni\u00f1as y ni\u00f1os del Consejo de Participaci\u00f3n Infantil y Adolescente de Herrera<\/strong>. Tambi\u00e9n participar\u00e1 el alcalde que hablar\u00e1 del mencionado Consejo, as\u00ed como del reciente <strong>reconocimiento de Herrera del Duque por parte de Unicef como &#8220;Ciudad Amiga de la Infancia&#8221;<\/strong>.<\/p>\n<p>El programa se emitir\u00e1 el <strong>viernes 8 de febrero a las 21.30 h<\/strong><\/p>\n<p>&nbsp;<\/p>\n<p>&nbsp;<\/p>\n<p>&nbsp;<\/p>\n","protected":false},"excerpt":{"rendered":"<p>El programa de TV, &lsquo;De otra manera&rsquo;, emitir&aacute; un reportaje sobre Herrera del Duque.<\/p>\n","protected":false},"author":1,"featured_media":5649022,"comment_status":"open","ping_status":"open","sticky":false,"template":"","format":"standard","meta":[],"categories":[16],"tags":[],"_links":{"self":[{"href":"https:\/\/www.herreradelduque.com\/en\/wp-json\/wp\/v2\/posts\/5649021"}],"collection":[{"href":"https:\/\/www.herreradelduque.com\/en\/wp-json\/wp\/v2\/posts"}],"about":[{"href":"https:\/\/www.herreradelduque.com\/en\/wp-json\/wp\/v2\/types\/post"}],"author":[{"embeddable":true,"href":"https:\/\/www.herreradelduque.com\/en\/wp-json\/wp\/v2\/users\/1"}],"replies":[{"embeddable":true,"href":"https:\/\/www.herreradelduque.com\/en\/wp-json\/wp\/v2\/comments?post=5649021"}],"version-history":[{"count":1,"href":"https:\/\/www.herreradelduque.com\/en\/wp-json\/wp\/v2\/posts\/5649021\/revisions"}],"predecessor-version":[{"id":5649023,"href":"https:\/\/www.herreradelduque.com\/en\/wp-json\/wp\/v2\/posts\/5649021\/revisions\/5649023"}],"wp:featuredmedia":[{"embeddable":true,"href":"https:\/\/www.herreradelduque.com\/en\/wp-json\/wp\/v2\/media\/5649022"}],"wp:attachment":[{"href":"https:\/\/www.herreradelduque.com\/en\/wp-json\/wp\/v2\/media?parent=5649021"}],"wp:term":[{"taxonomy":"category","embeddable":true,"href":"https:\/\/www.herreradelduque.com\/en\/wp-json\/wp\/v2\/categories?post=5649021"},{"taxonomy":"post_tag","embeddable":true,"href":"https:\/\/www.herreradelduque.com\/en\/wp-json\/wp\/v2\/tags?post=5649021"}],"curies":[{"name":"wp","href":"https:\/\/api.w.org\/{rel}","templated":true}]}}