{"id":5649106,"date":"2019-03-06T16:25:13","date_gmt":"2019-03-06T16:25:13","guid":{"rendered":"https:\/\/www.herreradelduque.com\/?p=5649106"},"modified":"2019-03-06T16:25:13","modified_gmt":"2019-03-06T16:25:13","slug":"carrera-de-la-mujer-2019","status":"publish","type":"post","link":"https:\/\/www.herreradelduque.com\/en\/carrera-de-la-mujer-2019\/","title":{"rendered":"Carrera de la Mujer 2019"},"content":{"rendered":"<p>Nueva edici\u00f3n de la Carrera de la Mujer en Herrera del Duque.<!--more--><\/p>\n<p>El s\u00e1bado 9 de marzo os esperamos en la carrera-marcha de la Mujer que se enmarca dentro del &#8220;Programa Mujer y Deporte&#8221; de Diputaci\u00f3n de Badajoz, abierta a la participaci\u00f3n de todas y todos, incluyendo a los m\u00e1s Peque\u00f1os. Os esperamos a partir de las 11:30 horas para que pod\u00e1is recoger camiseta y dorsal.<\/p>\n","protected":false},"excerpt":{"rendered":"<p>Nueva edici&oacute;n de la Carrera de la Mujer en Herrera del Duque.<\/p>\n","protected":false},"author":1,"featured_media":5649107,"comment_status":"open","ping_status":"open","sticky":false,"template":"","format":"standard","meta":[],"categories":[12],"tags":[],"_links":{"self":[{"href":"https:\/\/www.herreradelduque.com\/en\/wp-json\/wp\/v2\/posts\/5649106"}],"collection":[{"href":"https:\/\/www.herreradelduque.com\/en\/wp-json\/wp\/v2\/posts"}],"about":[{"href":"https:\/\/www.herreradelduque.com\/en\/wp-json\/wp\/v2\/types\/post"}],"author":[{"embeddable":true,"href":"https:\/\/www.herreradelduque.com\/en\/wp-json\/wp\/v2\/users\/1"}],"replies":[{"embeddable":true,"href":"https:\/\/www.herreradelduque.com\/en\/wp-json\/wp\/v2\/comments?post=5649106"}],"version-history":[{"count":1,"href":"https:\/\/www.herreradelduque.com\/en\/wp-json\/wp\/v2\/posts\/5649106\/revisions"}],"predecessor-version":[{"id":5649108,"href":"https:\/\/www.herreradelduque.com\/en\/wp-json\/wp\/v2\/posts\/5649106\/revisions\/5649108"}],"wp:featuredmedia":[{"embeddable":true,"href":"https:\/\/www.herreradelduque.com\/en\/wp-json\/wp\/v2\/media\/5649107"}],"wp:attachment":[{"href":"https:\/\/www.herreradelduque.com\/en\/wp-json\/wp\/v2\/media?parent=5649106"}],"wp:term":[{"taxonomy":"category","embeddable":true,"href":"https:\/\/www.herreradelduque.com\/en\/wp-json\/wp\/v2\/categories?post=5649106"},{"taxonomy":"post_tag","embeddable":true,"href":"https:\/\/www.herreradelduque.com\/en\/wp-json\/wp\/v2\/tags?post=5649106"}],"curies":[{"name":"wp","href":"https:\/\/api.w.org\/{rel}","templated":true}]}}