{"id":5649190,"date":"2019-03-14T10:32:43","date_gmt":"2019-03-14T10:32:43","guid":{"rendered":"https:\/\/www.herreradelduque.com\/?p=5649190"},"modified":"2019-03-14T10:32:43","modified_gmt":"2019-03-14T10:32:43","slug":"curso-de-atencion-socio-sanitaria","status":"publish","type":"post","link":"https:\/\/www.herreradelduque.com\/en\/curso-de-atencion-socio-sanitaria\/","title":{"rendered":"Curso de atenci\u00f3n socio sanitaria"},"content":{"rendered":"<p>Pr\u00f3ximamente se va a poner en marcha el curso de Atenci\u00f3n Socio Sanitaria a Personas Dependientes en Instituciones<!--more--><\/p>\n<p>Finalizada la reuni\u00f3n convocada por Capacitaci\u00f3n de Badajoz para la presentaci\u00f3n de los Cursos formativos de la anualidad 2019, pr\u00f3ximamente se va a poner en marcha el curso de <strong>ATENCION SOCIO SANITARIA A PERSONAS DEPENDIENTES EN INSTITUCIONES<\/strong>\u00a0en el\u00a0<strong>CID LA SIBERIA<\/strong>.<\/p>\n<ul>\n<li class=\"m_-7005517223626798964pre\"><strong>DESTINATARIOS<\/strong>: Desempleados de Larga Duraci\u00f3n, J\u00f3venes menores de 30 a\u00f1os no atendidos por el Programa Operativo de Empleo Juvenil, Personas mayores de 55 a\u00f1os, Personas con Discapacidad, inmigrantes, Minor\u00edas \u00c9tnicas y comunidades marginadas,Otros colectivos desfavorecidos, Otras personas en situaci\u00f3n de vulnerabilidad acreditada por un informe de los Servicios Sociales.<\/li>\n<li class=\"m_-7005517223626798964pre\"><strong>REQUISITOS<\/strong>: ESO<\/li>\n<li class=\"m_-7005517223626798964pre\"><strong>BECA<\/strong>: 75% IPREM por d\u00eda de asistencia.<\/li>\n<\/ul>\n<div class=\"m_-7005517223626798964pre\"><span style=\"text-decoration: underline;\"><strong>Otros detalles:<\/strong><\/span><\/div>\n<ul>\n<li class=\"m_-7005517223626798964pre\">Posibilidad de transporte.<\/li>\n<li class=\"m_-7005517223626798964pre\">Horario de ma\u00f1ana.<\/li>\n<li class=\"m_-7005517223626798964pre\">Administraci\u00f3n.<\/li>\n<\/ul>\n<p><strong>SOLICITUD<\/strong>: PDF editable para descargar y rellenar f\u00e1cilmente desde el ordenador.<\/p>\n<p><strong><span style=\"color: #ff0000;\">*LINK de descarga<\/span><\/strong>: <a href=\"https:\/\/www.herreradelduque.com\/wp-content\/uploads\/2019\/03\/SolicitudProyectoMirada.pdf\" target=\"_blank\" rel=\"noopener noreferrer\">Descarga PDF con la Solicitud<\/a><\/p>\n<p>&nbsp;<\/p>\n<p>&nbsp;<\/p>\n","protected":false},"excerpt":{"rendered":"<p>Pr&oacute;ximamente se va a poner en marcha el curso de Atenci&oacute;n Socio Sanitaria a&#8230;<\/p>\n","protected":false},"author":1,"featured_media":5649191,"comment_status":"open","ping_status":"open","sticky":false,"template":"","format":"standard","meta":[],"categories":[11],"tags":[],"_links":{"self":[{"href":"https:\/\/www.herreradelduque.com\/en\/wp-json\/wp\/v2\/posts\/5649190"}],"collection":[{"href":"https:\/\/www.herreradelduque.com\/en\/wp-json\/wp\/v2\/posts"}],"about":[{"href":"https:\/\/www.herreradelduque.com\/en\/wp-json\/wp\/v2\/types\/post"}],"author":[{"embeddable":true,"href":"https:\/\/www.herreradelduque.com\/en\/wp-json\/wp\/v2\/users\/1"}],"replies":[{"embeddable":true,"href":"https:\/\/www.herreradelduque.com\/en\/wp-json\/wp\/v2\/comments?post=5649190"}],"version-history":[{"count":1,"href":"https:\/\/www.herreradelduque.com\/en\/wp-json\/wp\/v2\/posts\/5649190\/revisions"}],"predecessor-version":[{"id":5649193,"href":"https:\/\/www.herreradelduque.com\/en\/wp-json\/wp\/v2\/posts\/5649190\/revisions\/5649193"}],"wp:featuredmedia":[{"embeddable":true,"href":"https:\/\/www.herreradelduque.com\/en\/wp-json\/wp\/v2\/media\/5649191"}],"wp:attachment":[{"href":"https:\/\/www.herreradelduque.com\/en\/wp-json\/wp\/v2\/media?parent=5649190"}],"wp:term":[{"taxonomy":"category","embeddable":true,"href":"https:\/\/www.herreradelduque.com\/en\/wp-json\/wp\/v2\/categories?post=5649190"},{"taxonomy":"post_tag","embeddable":true,"href":"https:\/\/www.herreradelduque.com\/en\/wp-json\/wp\/v2\/tags?post=5649190"}],"curies":[{"name":"wp","href":"https:\/\/api.w.org\/{rel}","templated":true}]}}