{"id":5649331,"date":"2019-03-25T15:10:48","date_gmt":"2019-03-25T15:10:48","guid":{"rendered":"https:\/\/www.herreradelduque.com\/?p=5649331"},"modified":"2019-03-25T15:18:52","modified_gmt":"2019-03-25T15:18:52","slug":"concierto-de-carnaval","status":"publish","type":"post","link":"https:\/\/www.herreradelduque.com\/en\/concierto-de-carnaval\/","title":{"rendered":"Concierto de Carnaval"},"content":{"rendered":"<p>Concierto de Carnaval en el Reciento Ferial <!--more--><\/p>\n<p>El pr\u00f3ximo 12 de abril, a partir de las 21.00 h, en el Recinto Ferial, tendr\u00e1 lugar el concierto de Carnaval 2019. En esta nueva edici\u00f3n de este nuevo evento, contaremos con la actuaci\u00f3n de la comparsa &#8216;Los Carnivales&#8217;, ganadores del carnaval de C\u00e1diz. Tambi\u00e9n intervienen en ese concierto La Murga Sa Tersiao, con el t\u00edtulo &#8220;Historias para no dormir&#8221;; y El Coro de M\u00e9rida, con el t\u00edtulo &#8220;El Protestante&#8221;. El precio de las entradas anticipadas es de 10 \u20ac, mientras que en taquilla es de 15 \u20ac.<\/p>\n<p>Comprar entradas: <a href=\"https:\/\/www.herreradelduque.com\/concierto-carnaval\/\">Clic para comprar<\/a><\/p>\n","protected":false},"excerpt":{"rendered":"<p>Concierto de Carnaval en el Reciento Ferial<\/p>\n","protected":false},"author":1,"featured_media":5649332,"comment_status":"open","ping_status":"open","sticky":false,"template":"","format":"standard","meta":[],"categories":[9],"tags":[],"_links":{"self":[{"href":"https:\/\/www.herreradelduque.com\/en\/wp-json\/wp\/v2\/posts\/5649331"}],"collection":[{"href":"https:\/\/www.herreradelduque.com\/en\/wp-json\/wp\/v2\/posts"}],"about":[{"href":"https:\/\/www.herreradelduque.com\/en\/wp-json\/wp\/v2\/types\/post"}],"author":[{"embeddable":true,"href":"https:\/\/www.herreradelduque.com\/en\/wp-json\/wp\/v2\/users\/1"}],"replies":[{"embeddable":true,"href":"https:\/\/www.herreradelduque.com\/en\/wp-json\/wp\/v2\/comments?post=5649331"}],"version-history":[{"count":4,"href":"https:\/\/www.herreradelduque.com\/en\/wp-json\/wp\/v2\/posts\/5649331\/revisions"}],"predecessor-version":[{"id":5649338,"href":"https:\/\/www.herreradelduque.com\/en\/wp-json\/wp\/v2\/posts\/5649331\/revisions\/5649338"}],"wp:featuredmedia":[{"embeddable":true,"href":"https:\/\/www.herreradelduque.com\/en\/wp-json\/wp\/v2\/media\/5649332"}],"wp:attachment":[{"href":"https:\/\/www.herreradelduque.com\/en\/wp-json\/wp\/v2\/media?parent=5649331"}],"wp:term":[{"taxonomy":"category","embeddable":true,"href":"https:\/\/www.herreradelduque.com\/en\/wp-json\/wp\/v2\/categories?post=5649331"},{"taxonomy":"post_tag","embeddable":true,"href":"https:\/\/www.herreradelduque.com\/en\/wp-json\/wp\/v2\/tags?post=5649331"}],"curies":[{"name":"wp","href":"https:\/\/api.w.org\/{rel}","templated":true}]}}