{"id":5649339,"date":"2019-03-25T15:34:02","date_gmt":"2019-03-25T15:34:02","guid":{"rendered":"https:\/\/www.herreradelduque.com\/?p=5649339"},"modified":"2019-03-25T15:38:40","modified_gmt":"2019-03-25T15:38:40","slug":"contratacion-de-tecnico-para-el-ceder","status":"publish","type":"post","link":"https:\/\/www.herreradelduque.com\/en\/contratacion-de-tecnico-para-el-ceder\/","title":{"rendered":"Contrataci\u00f3n de t\u00e9cnico para el CEDER"},"content":{"rendered":"<p>Concurso-oposici\u00f3n de una plaza de T\u00e9cnico\/a medio para la Asociaci\u00f3n CEDER La Siberia<!--more--><\/p>\n<p>Se convoca, mediante el sistema de concurso-oposici\u00f3n de una plaza de T\u00e9cnico\/a medio para la Asociaci\u00f3n CEDER La Siberia en la localidad de Herrera del Duque, a jornada completa, mediante el proyecto aprobado por la Consejer\u00eda de Medio Ambiente y Rural, Pol\u00edticas Agrarias y Territorio de la Junta de Extremadura. A continuaci\u00f3n, os dejamos las bases de esta convocatoria, as\u00ed como el anexo que hay que rellenar para presentar la solicitud.<\/p>\n<ul>\n<li><strong>Bases de la convocatoria<\/strong>: <a href=\"https:\/\/www.herreradelduque.com\/wp-content\/uploads\/2019\/03\/BASES-tecnico-medio.pdf\">Descarga las bases<\/a><\/li>\n<li><strong>Anexo 1<\/strong>: <a href=\"https:\/\/www.herreradelduque.com\/wp-content\/uploads\/2019\/03\/ANEXO-I.pdf\">Descarga el Anexo<\/a><\/li>\n<\/ul>\n<p>&nbsp;<\/p>\n","protected":false},"excerpt":{"rendered":"<p>Concurso-oposici&oacute;n de una plaza de T&eacute;cnico\/a medio para la Asociaci&oacute;n CEDER La Siberia<\/p>\n","protected":false},"author":1,"featured_media":5649342,"comment_status":"open","ping_status":"open","sticky":false,"template":"","format":"standard","meta":[],"categories":[11],"tags":[],"_links":{"self":[{"href":"https:\/\/www.herreradelduque.com\/en\/wp-json\/wp\/v2\/posts\/5649339"}],"collection":[{"href":"https:\/\/www.herreradelduque.com\/en\/wp-json\/wp\/v2\/posts"}],"about":[{"href":"https:\/\/www.herreradelduque.com\/en\/wp-json\/wp\/v2\/types\/post"}],"author":[{"embeddable":true,"href":"https:\/\/www.herreradelduque.com\/en\/wp-json\/wp\/v2\/users\/1"}],"replies":[{"embeddable":true,"href":"https:\/\/www.herreradelduque.com\/en\/wp-json\/wp\/v2\/comments?post=5649339"}],"version-history":[{"count":2,"href":"https:\/\/www.herreradelduque.com\/en\/wp-json\/wp\/v2\/posts\/5649339\/revisions"}],"predecessor-version":[{"id":5649344,"href":"https:\/\/www.herreradelduque.com\/en\/wp-json\/wp\/v2\/posts\/5649339\/revisions\/5649344"}],"wp:featuredmedia":[{"embeddable":true,"href":"https:\/\/www.herreradelduque.com\/en\/wp-json\/wp\/v2\/media\/5649342"}],"wp:attachment":[{"href":"https:\/\/www.herreradelduque.com\/en\/wp-json\/wp\/v2\/media?parent=5649339"}],"wp:term":[{"taxonomy":"category","embeddable":true,"href":"https:\/\/www.herreradelduque.com\/en\/wp-json\/wp\/v2\/categories?post=5649339"},{"taxonomy":"post_tag","embeddable":true,"href":"https:\/\/www.herreradelduque.com\/en\/wp-json\/wp\/v2\/tags?post=5649339"}],"curies":[{"name":"wp","href":"https:\/\/api.w.org\/{rel}","templated":true}]}}