{"id":5649383,"date":"2019-04-01T09:04:53","date_gmt":"2019-04-01T09:04:53","guid":{"rendered":"https:\/\/www.herreradelduque.com\/?p=5649383"},"modified":"2019-04-01T09:04:53","modified_gmt":"2019-04-01T09:04:53","slug":"bando-dia-de-la-comarca-2019","status":"publish","type":"post","link":"https:\/\/www.herreradelduque.com\/en\/bando-dia-de-la-comarca-2019\/","title":{"rendered":"Bando: D\u00eda de la Comarca 2019"},"content":{"rendered":"<p>Se fletar\u00e1 un autob\u00fas para quien desee desplazarse a Casas de Don Pedro. <!--more--><\/p>\n<p>Se pone en conocimiento de todos los vecinos\/as, que el pr\u00f3ximo d\u00eda <strong>6 de Abril de 2019<\/strong> se celebra el \u201cDIA DE LA COMARCA\u201d en la localidad de Casas de Don Pedro.<\/p>\n<p>El Autob\u00fas saldr\u00e1 de la Plaza de Toros a las 10,00 horas y regresara a las 21,00, todas aquellas personas interesadas en hacer uso de este servicio gratuito, deber\u00e1n apuntarse en las Oficinas del Ayuntamiento antes del d\u00eda 5 de abril a las 15,00 horas.<\/p>\n","protected":false},"excerpt":{"rendered":"<p>Se fletar&aacute; un autob&uacute;s para quien desee desplazarse a Casas de Don Pedro.<\/p>\n","protected":false},"author":1,"featured_media":5649384,"comment_status":"open","ping_status":"open","sticky":false,"template":"","format":"standard","meta":[],"categories":[10],"tags":[],"_links":{"self":[{"href":"https:\/\/www.herreradelduque.com\/en\/wp-json\/wp\/v2\/posts\/5649383"}],"collection":[{"href":"https:\/\/www.herreradelduque.com\/en\/wp-json\/wp\/v2\/posts"}],"about":[{"href":"https:\/\/www.herreradelduque.com\/en\/wp-json\/wp\/v2\/types\/post"}],"author":[{"embeddable":true,"href":"https:\/\/www.herreradelduque.com\/en\/wp-json\/wp\/v2\/users\/1"}],"replies":[{"embeddable":true,"href":"https:\/\/www.herreradelduque.com\/en\/wp-json\/wp\/v2\/comments?post=5649383"}],"version-history":[{"count":1,"href":"https:\/\/www.herreradelduque.com\/en\/wp-json\/wp\/v2\/posts\/5649383\/revisions"}],"predecessor-version":[{"id":5649385,"href":"https:\/\/www.herreradelduque.com\/en\/wp-json\/wp\/v2\/posts\/5649383\/revisions\/5649385"}],"wp:featuredmedia":[{"embeddable":true,"href":"https:\/\/www.herreradelduque.com\/en\/wp-json\/wp\/v2\/media\/5649384"}],"wp:attachment":[{"href":"https:\/\/www.herreradelduque.com\/en\/wp-json\/wp\/v2\/media?parent=5649383"}],"wp:term":[{"taxonomy":"category","embeddable":true,"href":"https:\/\/www.herreradelduque.com\/en\/wp-json\/wp\/v2\/categories?post=5649383"},{"taxonomy":"post_tag","embeddable":true,"href":"https:\/\/www.herreradelduque.com\/en\/wp-json\/wp\/v2\/tags?post=5649383"}],"curies":[{"name":"wp","href":"https:\/\/api.w.org\/{rel}","templated":true}]}}