{"id":5649445,"date":"2019-04-02T13:17:36","date_gmt":"2019-04-02T13:17:36","guid":{"rendered":"https:\/\/www.herreradelduque.com\/?p=5649445"},"modified":"2019-04-02T13:17:36","modified_gmt":"2019-04-02T13:17:36","slug":"cine-capitana-marvel","status":"publish","type":"post","link":"https:\/\/www.herreradelduque.com\/en\/cine-capitana-marvel\/","title":{"rendered":"Cine: Capitana Marvel"},"content":{"rendered":"<div>Doble estreno de Capitana Marvel en el Palacio de la Cultura.<\/div>\n<p><!--more--><\/p>\n<div><\/div>\n<ul>\n<li><strong>Lugar<\/strong>: Palacio de la Cultura<\/li>\n<li><strong>Horario<\/strong>:\u00a0 domingo 7 y lunes 8 de abril a las 18:30 horas<\/li>\n<li><strong>Sinopsis<\/strong>: Ambientada en los a\u00f1os 90, esta nueva aventura nos presenta un periodo de la historia nunca antes visto en el Universo Cinematogr\u00e1fico de Marvel. El viaje de Carol Danvers para convertirse en una de las hero\u00ednas m\u00e1s poderosas del universo, la Capitana Marvel, miembro de una raza de nobles h\u00e9roes guerreros. Mientras una guerra gal\u00e1ctica entre dos razas alien\u00edgenas llega a la Tierra, Danvers luchar\u00e1 junto a un peque\u00f1o grupo de aliados, mientras trata de encontrarse a s\u00ed misma para descubrir qui\u00e9n es realidad.<\/li>\n<\/ul>\n","protected":false},"excerpt":{"rendered":"<p>Doble estreno de Capitana Marvel en el Palacio de la Cultura.<\/p>\n","protected":false},"author":1,"featured_media":5649446,"comment_status":"open","ping_status":"open","sticky":false,"template":"","format":"standard","meta":[],"categories":[9],"tags":[],"_links":{"self":[{"href":"https:\/\/www.herreradelduque.com\/en\/wp-json\/wp\/v2\/posts\/5649445"}],"collection":[{"href":"https:\/\/www.herreradelduque.com\/en\/wp-json\/wp\/v2\/posts"}],"about":[{"href":"https:\/\/www.herreradelduque.com\/en\/wp-json\/wp\/v2\/types\/post"}],"author":[{"embeddable":true,"href":"https:\/\/www.herreradelduque.com\/en\/wp-json\/wp\/v2\/users\/1"}],"replies":[{"embeddable":true,"href":"https:\/\/www.herreradelduque.com\/en\/wp-json\/wp\/v2\/comments?post=5649445"}],"version-history":[{"count":1,"href":"https:\/\/www.herreradelduque.com\/en\/wp-json\/wp\/v2\/posts\/5649445\/revisions"}],"predecessor-version":[{"id":5649447,"href":"https:\/\/www.herreradelduque.com\/en\/wp-json\/wp\/v2\/posts\/5649445\/revisions\/5649447"}],"wp:featuredmedia":[{"embeddable":true,"href":"https:\/\/www.herreradelduque.com\/en\/wp-json\/wp\/v2\/media\/5649446"}],"wp:attachment":[{"href":"https:\/\/www.herreradelduque.com\/en\/wp-json\/wp\/v2\/media?parent=5649445"}],"wp:term":[{"taxonomy":"category","embeddable":true,"href":"https:\/\/www.herreradelduque.com\/en\/wp-json\/wp\/v2\/categories?post=5649445"},{"taxonomy":"post_tag","embeddable":true,"href":"https:\/\/www.herreradelduque.com\/en\/wp-json\/wp\/v2\/tags?post=5649445"}],"curies":[{"name":"wp","href":"https:\/\/api.w.org\/{rel}","templated":true}]}}