{"id":5649626,"date":"2019-04-11T10:42:13","date_gmt":"2019-04-11T10:42:13","guid":{"rendered":"https:\/\/www.herreradelduque.com\/?p=5649626"},"modified":"2019-04-11T10:42:13","modified_gmt":"2019-04-11T10:42:13","slug":"nota-desde-direccion-general-del-medio-ambiente","status":"publish","type":"post","link":"https:\/\/www.herreradelduque.com\/en\/nota-desde-direccion-general-del-medio-ambiente\/","title":{"rendered":"Nota desde Direcci\u00f3n General del Medio Ambiente"},"content":{"rendered":"<p>NOTA IMPORTANTE desde la Direcci\u00f3n General del Medio Ambiente.<!--more--><\/p>\n<p>Se pone en conocimiento de toda la vecindad, que desde Direcci\u00f3n General del Medio Ambiente (Agentes del Medio Natural) de Herrera del Duque, se ha recibido escrito en el que informan:<\/p>\n<p>Que con motivo de la primavera las golondrinas regresan a construir sus nidos en edificios o casas, que en el Catalogo Regional de Especies Amenazadas de Extremadura constan como de INTER\u00c9S ESPECIAL.<\/p>\n<p>Por lo que la Ley 42\/2007 de Patrimonio Natural y Biodiversidad en su articulo 54 punto 5 dice: <strong>QUEDA PROHIBIDO <\/strong>dar muerte, da\u00f1ar, molestar o inquietar intencionadamente a los animales silvestres, sea cual fuere el m\u00e9todo empleado o la fase de su ciclo biol\u00f3gico. Esta prohibici\u00f3n incluye su retenci\u00f3n y captura en vivo, <strong>la destrucci\u00f3n, da\u00f1o, recolecci\u00f3n y retenci\u00f3n de sus nidos, de sus cr\u00edas o de sus huevos.<\/strong><\/p>\n","protected":false},"excerpt":{"rendered":"<p>NOTA IMPORTANTE desde la Direcci&oacute;n General del Medio Ambiente.<\/p>\n","protected":false},"author":1,"featured_media":5649627,"comment_status":"open","ping_status":"open","sticky":false,"template":"","format":"standard","meta":[],"categories":[17],"tags":[],"_links":{"self":[{"href":"https:\/\/www.herreradelduque.com\/en\/wp-json\/wp\/v2\/posts\/5649626"}],"collection":[{"href":"https:\/\/www.herreradelduque.com\/en\/wp-json\/wp\/v2\/posts"}],"about":[{"href":"https:\/\/www.herreradelduque.com\/en\/wp-json\/wp\/v2\/types\/post"}],"author":[{"embeddable":true,"href":"https:\/\/www.herreradelduque.com\/en\/wp-json\/wp\/v2\/users\/1"}],"replies":[{"embeddable":true,"href":"https:\/\/www.herreradelduque.com\/en\/wp-json\/wp\/v2\/comments?post=5649626"}],"version-history":[{"count":1,"href":"https:\/\/www.herreradelduque.com\/en\/wp-json\/wp\/v2\/posts\/5649626\/revisions"}],"predecessor-version":[{"id":5649628,"href":"https:\/\/www.herreradelduque.com\/en\/wp-json\/wp\/v2\/posts\/5649626\/revisions\/5649628"}],"wp:featuredmedia":[{"embeddable":true,"href":"https:\/\/www.herreradelduque.com\/en\/wp-json\/wp\/v2\/media\/5649627"}],"wp:attachment":[{"href":"https:\/\/www.herreradelduque.com\/en\/wp-json\/wp\/v2\/media?parent=5649626"}],"wp:term":[{"taxonomy":"category","embeddable":true,"href":"https:\/\/www.herreradelduque.com\/en\/wp-json\/wp\/v2\/categories?post=5649626"},{"taxonomy":"post_tag","embeddable":true,"href":"https:\/\/www.herreradelduque.com\/en\/wp-json\/wp\/v2\/tags?post=5649626"}],"curies":[{"name":"wp","href":"https:\/\/api.w.org\/{rel}","templated":true}]}}