{"id":5650499,"date":"2019-05-23T14:52:06","date_gmt":"2019-05-23T14:52:06","guid":{"rendered":"https:\/\/www.herreradelduque.com\/?p=5650499"},"modified":"2019-05-23T14:52:06","modified_gmt":"2019-05-23T14:52:06","slug":"convocatoria-para-provision-de-6-plazas-para-el-ayto","status":"publish","type":"post","link":"https:\/\/www.herreradelduque.com\/en\/convocatoria-para-provision-de-6-plazas-para-el-ayto\/","title":{"rendered":"Convocatoria para provisi\u00f3n de 6 plazas para el ayto."},"content":{"rendered":"<p>Provisi\u00f3n de 6 plazas temporales para el Ayuntamiento de Herrera.<!--more--><\/p>\n<p>OBJETO: Selecci\u00f3n de CUATRO PLAZAS DE LIMPIEZA DE CALLES, UNA PLAZA DE LIMPIEZA DE EDIFICIOS MUNICIPALES Y UNA PLAZA DE PE\u00d3N DE SERVICIOS M\u00daLTIPLES DE PELOCHE, de acuerdo con el Decreto 131\/2017, de 1 de agosto , por el que se regula el Plan de Empleo Social en el \u00e1mbito de la Comunidad Aut\u00f3noma de Extremadura, para la contrataci\u00f3n de personas paradas en situaci\u00f3n o riesgo de exclusi\u00f3n social, teniendo prioridad, a las personas paradas de larga duraci\u00f3n que se encuentran en situaci\u00f3n de exclusi\u00f3n o riesgo de exclusi\u00f3n social y hayan agotado sus prestaciones por desempleo.<\/p>\n<p>DURACI\u00d3N DEL CONTRATO: Seis Meses a jornada completa.<\/p>\n<p>REQUISITOS: Para poder ser admitidos a la selecci\u00f3n, los aspirantes deber\u00e1n reunir en la fecha de finalizaci\u00f3n del plazo de presentaci\u00f3n de solicitudes, todos y cada uno de los siguientes requisitos: Ser espa\u00f1ol\/a o ciudadano\/a de cualquier de los Estados miembros de la U.E. o de aquellos Estados a los que, en virtud de tratados internacionales celebrados por la U.E. y ratificados por Espa\u00f1a, le sea de aplicaci\u00f3n la libre circulaci\u00f3n de trabajadores, en los t\u00e9rminos previstos en la Ley 17\/93, de 23 de Diciembre y dem\u00e1s normas concordantes.- Mayor de 16 a\u00f1os.- No padecer enfermedad o defecto f\u00edsico que impida el normal desarrollo de sus funciones.- No haber sido separado mediante expediente disciplinario de ninguna de las administraciones p\u00fablicas, ni hallarse inhabilitado\/a para el ejercicio de funciones p\u00fablicas por sentencia firme-. Ser parado de larga duraci\u00f3n (personas que en los \u00faltimos doce meses no han trabajado m\u00e1s de 30 d\u00edas a jornada completa \u00f3 60 d\u00edas a jornada parcial), y no ser beneficiarias ni perceptoras de prestaci\u00f3n contributiva por desempleo a fecha de cumplimiento de requisitos. Las rentas o ingresado de cualquier naturaleza de la unidad familiar de convivencia no debe superar los siguientes limites en c\u00f3mputo anual:<\/p>\n<ul>\n<li>La cuanti\u00e1 del Salario M\u00ednimo Interprofesional vigente en el a\u00f1o de la convocatoria si la persona solicitante es la \u00fanica que integra la unidad familiar de convivencia.<\/li>\n<li>Dicha cuanti\u00e1 incrementada en un 8 % por cada miembro adicional de la unidad familiar, hasta un m\u00e1ximo del 1,5 veces el SMI de referencia.<\/li>\n<li>Tener total disponibilidad para desempe\u00f1ar su jornada de trabajo de forma partida, si as\u00ed se indica por el Ayuntamiento, as\u00ed como lener Lolal disponibilidad para trabajar durante d\u00edus festivos o fines de semana.<\/li>\n<\/ul>\n<p>PROCESO SELECTIVO: Concurso, se valorar\u00e1 lo establecido en las Bases. La valoraci\u00f3n se efectuar\u00e1 por el tribunal que se reunir\u00e1 a tal efecto a partir de las 10 horas del d\u00eda 7 de junio de 2019.<\/p>\n<p>RETRIBUCIONES: Las personas contratadas, percibir\u00e1n el importe del Salario Minimo Interprofesional bruto mensual.<\/p>\n<p>SOLICITUDES:<\/p>\n<p>Las solicitudes, ajustadas al modelo de instancia que se facilitar\u00e1 al efecto, se presentar\u00e1n en el Registro General del este Ayuntamiento, en horas y d\u00edas h\u00e1biles de oficina, hasta las 15 horas del d\u00eda 3 de junio de 2019, a la que habr\u00e1 que acompa\u00f1ar la documentaci\u00f3n acreditativa del cumplimiento de los requisitos necesarios para ser admitidos, as\u00ed como la de aquello que el aspirante pretenda que sea valorado por el Tribunal en la fase de concurso.<\/p>\n<p>DESCARGA DE DOCUMENTOS<\/p>\n<ul>\n<li>BASES DDE CONCURSO: <a href=\"https:\/\/www.herreradelduque.com\/wp-content\/uploads\/2019\/05\/BASES.pdf\" target=\"_blank\" rel=\"noopener noreferrer\">Descarga las bases de concurso<\/a><\/li>\n<li>DESCARGAR <a href=\"https:\/\/www.herreradelduque.com\/wp-content\/uploads\/2019\/05\/MODELO-SOLICITUD-LIMPIEZA-CALLES-1.doc\" target=\"_blank\" rel=\"noopener noreferrer\">MODELO SOLICITUD LIMPIEZA CALLES<\/a><\/li>\n<li>DESCARGAR <a href=\"https:\/\/www.herreradelduque.com\/wp-content\/uploads\/2019\/05\/MODELO-SOLICITUD-P.S.M.-PELOCHE.doc\" target=\"_blank\" rel=\"noopener noreferrer\">MODELO SOLICITUD P.S.M. PELOCHE<\/a><\/li>\n<li>DESCARGAR <a href=\"https:\/\/www.herreradelduque.com\/wp-content\/uploads\/2019\/05\/MODELO-SOLICITUD-LIMPIEZA-EDIFICIOS.doc\" target=\"_blank\" rel=\"noopener noreferrer\">MODELO SOLICITUD LIMPIEZA EDIFICIOS<\/a><\/li>\n<\/ul>\n<p>&nbsp;<\/p>\n","protected":false},"excerpt":{"rendered":"<p>Provisi&oacute;n de 6 plazas temporales para el Ayuntamiento de Herrera.<\/p>\n","protected":false},"author":1,"featured_media":5650500,"comment_status":"open","ping_status":"open","sticky":false,"template":"","format":"standard","meta":[],"categories":[11],"tags":[],"_links":{"self":[{"href":"https:\/\/www.herreradelduque.com\/en\/wp-json\/wp\/v2\/posts\/5650499"}],"collection":[{"href":"https:\/\/www.herreradelduque.com\/en\/wp-json\/wp\/v2\/posts"}],"about":[{"href":"https:\/\/www.herreradelduque.com\/en\/wp-json\/wp\/v2\/types\/post"}],"author":[{"embeddable":true,"href":"https:\/\/www.herreradelduque.com\/en\/wp-json\/wp\/v2\/users\/1"}],"replies":[{"embeddable":true,"href":"https:\/\/www.herreradelduque.com\/en\/wp-json\/wp\/v2\/comments?post=5650499"}],"version-history":[{"count":1,"href":"https:\/\/www.herreradelduque.com\/en\/wp-json\/wp\/v2\/posts\/5650499\/revisions"}],"predecessor-version":[{"id":5650510,"href":"https:\/\/www.herreradelduque.com\/en\/wp-json\/wp\/v2\/posts\/5650499\/revisions\/5650510"}],"wp:featuredmedia":[{"embeddable":true,"href":"https:\/\/www.herreradelduque.com\/en\/wp-json\/wp\/v2\/media\/5650500"}],"wp:attachment":[{"href":"https:\/\/www.herreradelduque.com\/en\/wp-json\/wp\/v2\/media?parent=5650499"}],"wp:term":[{"taxonomy":"category","embeddable":true,"href":"https:\/\/www.herreradelduque.com\/en\/wp-json\/wp\/v2\/categories?post=5650499"},{"taxonomy":"post_tag","embeddable":true,"href":"https:\/\/www.herreradelduque.com\/en\/wp-json\/wp\/v2\/tags?post=5650499"}],"curies":[{"name":"wp","href":"https:\/\/api.w.org\/{rel}","templated":true}]}}