{"id":5650512,"date":"2019-05-28T09:37:06","date_gmt":"2019-05-28T09:37:06","guid":{"rendered":"https:\/\/www.herreradelduque.com\/?p=5650512"},"modified":"2019-05-28T09:37:06","modified_gmt":"2019-05-28T09:37:06","slug":"epoca-de-peligro-alto-de-incendios","status":"publish","type":"post","link":"https:\/\/www.herreradelduque.com\/en\/epoca-de-peligro-alto-de-incendios\/","title":{"rendered":"\u00c9poca de peligro alto de incendios"},"content":{"rendered":"<p>Se declara \u00c9poca de Peligro Alto de incendios forestales, el periodo comprendido entre el 01 de junio y el 15 de octubre.<\/p>\n<p>Se pone en conocimiento de todos los vecinos\/as de esta localidad que en base a la ORDEN de 20 de mayo de 2019 (DOE N\u00daMERO 98, de 23 de mayo de 2019), queda establecida la \u00c9poca de Peligro Alto de incendios forestales del PLAN INFOEX.<\/p>\n<p>Se declara \u00c9poca de Peligro Alto de incendios forestales, el periodo comprendido entre el 01 de junio y el 15 de octubre de 2019, ambos inclusive, que podr\u00e1 prorrogarse mediante resoluci\u00f3n del \u00f3rgano competente, si las condiciones meteorol\u00f3gicas as\u00ed lo aconsejan.<\/p>\n<p>El \u00e1mbito de aplicaci\u00f3n de esta orden se extiende a todos los terrenos forestales y su zona de influencia. No obstante, las prohibiciones y limitaciones al uso del fuego y actividades que puedan causar incendios, se aplicar\u00e1n adem\u00e1s al resto de los terrenos, incluidos los agr\u00edcolas, urbanos e industriales, en espacios abiertos y semiabiertos.<\/p>\n","protected":false},"excerpt":{"rendered":"<p>Se declara &Eacute;poca de Peligro Alto de incendios forestales, el periodo comprendido entre el&#8230;<\/p>\n","protected":false},"author":1,"featured_media":5650513,"comment_status":"open","ping_status":"open","sticky":false,"template":"","format":"standard","meta":[],"categories":[18],"tags":[],"_links":{"self":[{"href":"https:\/\/www.herreradelduque.com\/en\/wp-json\/wp\/v2\/posts\/5650512"}],"collection":[{"href":"https:\/\/www.herreradelduque.com\/en\/wp-json\/wp\/v2\/posts"}],"about":[{"href":"https:\/\/www.herreradelduque.com\/en\/wp-json\/wp\/v2\/types\/post"}],"author":[{"embeddable":true,"href":"https:\/\/www.herreradelduque.com\/en\/wp-json\/wp\/v2\/users\/1"}],"replies":[{"embeddable":true,"href":"https:\/\/www.herreradelduque.com\/en\/wp-json\/wp\/v2\/comments?post=5650512"}],"version-history":[{"count":1,"href":"https:\/\/www.herreradelduque.com\/en\/wp-json\/wp\/v2\/posts\/5650512\/revisions"}],"predecessor-version":[{"id":5650515,"href":"https:\/\/www.herreradelduque.com\/en\/wp-json\/wp\/v2\/posts\/5650512\/revisions\/5650515"}],"wp:featuredmedia":[{"embeddable":true,"href":"https:\/\/www.herreradelduque.com\/en\/wp-json\/wp\/v2\/media\/5650513"}],"wp:attachment":[{"href":"https:\/\/www.herreradelduque.com\/en\/wp-json\/wp\/v2\/media?parent=5650512"}],"wp:term":[{"taxonomy":"category","embeddable":true,"href":"https:\/\/www.herreradelduque.com\/en\/wp-json\/wp\/v2\/categories?post=5650512"},{"taxonomy":"post_tag","embeddable":true,"href":"https:\/\/www.herreradelduque.com\/en\/wp-json\/wp\/v2\/tags?post=5650512"}],"curies":[{"name":"wp","href":"https:\/\/api.w.org\/{rel}","templated":true}]}}