{"id":5650536,"date":"2019-06-04T11:32:49","date_gmt":"2019-06-04T11:32:49","guid":{"rendered":"https:\/\/www.herreradelduque.com\/?p=5650536"},"modified":"2019-06-04T11:32:49","modified_gmt":"2019-06-04T11:32:49","slug":"estreno-aladin","status":"publish","type":"post","link":"https:\/\/www.herreradelduque.com\/en\/estreno-aladin\/","title":{"rendered":"Estreno: Alad\u00edn"},"content":{"rendered":"<p>Triple proyecci\u00f3n de Alad\u00edn en el Palacio de Cultura. <!--more--><\/p>\n<ul>\n<li><strong>Lugar<\/strong>: Palacio de la Cultura.<\/li>\n<li><strong>Horario<\/strong>: domingo 9 de junio a las 19:00 y 21:30 horas y lunes 10\u00a0 a las 20:00 horas.<\/li>\n<li><strong>Sinopsis<\/strong>: Rodeada por los Siete Desiertos, se encuentra la ciudad de Agrabah, una metr\u00f3poli de calles y plagada de gente, donde en lo m\u00e1s alto puede verse el majestuoso castillo del Sult\u00e1n. All\u00ed vive la joven princesa Jasmine junto con su padre el Sult\u00e1n y el visir real Jafar. La vida de todos ellos dar\u00e1 un giro inesperado despu\u00e9s de que el joven Aladdin entre en la Cueva de las Maravillas y descubra la l\u00e1mpara m\u00e1gica cuyo Genio tiene el poder omnipotente de conceder tres deseos a cualquiera que la posea.<\/li>\n<\/ul>\n<p>&nbsp;<\/p>\n","protected":false},"excerpt":{"rendered":"<p>Triple proyecci&oacute;n de Alad&iacute;n en el Palacio de Cultura.<\/p>\n","protected":false},"author":1,"featured_media":5650537,"comment_status":"open","ping_status":"open","sticky":false,"template":"","format":"standard","meta":[],"categories":[9],"tags":[],"_links":{"self":[{"href":"https:\/\/www.herreradelduque.com\/en\/wp-json\/wp\/v2\/posts\/5650536"}],"collection":[{"href":"https:\/\/www.herreradelduque.com\/en\/wp-json\/wp\/v2\/posts"}],"about":[{"href":"https:\/\/www.herreradelduque.com\/en\/wp-json\/wp\/v2\/types\/post"}],"author":[{"embeddable":true,"href":"https:\/\/www.herreradelduque.com\/en\/wp-json\/wp\/v2\/users\/1"}],"replies":[{"embeddable":true,"href":"https:\/\/www.herreradelduque.com\/en\/wp-json\/wp\/v2\/comments?post=5650536"}],"version-history":[{"count":1,"href":"https:\/\/www.herreradelduque.com\/en\/wp-json\/wp\/v2\/posts\/5650536\/revisions"}],"predecessor-version":[{"id":5650539,"href":"https:\/\/www.herreradelduque.com\/en\/wp-json\/wp\/v2\/posts\/5650536\/revisions\/5650539"}],"wp:featuredmedia":[{"embeddable":true,"href":"https:\/\/www.herreradelduque.com\/en\/wp-json\/wp\/v2\/media\/5650537"}],"wp:attachment":[{"href":"https:\/\/www.herreradelduque.com\/en\/wp-json\/wp\/v2\/media?parent=5650536"}],"wp:term":[{"taxonomy":"category","embeddable":true,"href":"https:\/\/www.herreradelduque.com\/en\/wp-json\/wp\/v2\/categories?post=5650536"},{"taxonomy":"post_tag","embeddable":true,"href":"https:\/\/www.herreradelduque.com\/en\/wp-json\/wp\/v2\/tags?post=5650536"}],"curies":[{"name":"wp","href":"https:\/\/api.w.org\/{rel}","templated":true}]}}