{"id":5650561,"date":"2019-06-06T14:26:56","date_gmt":"2019-06-06T14:26:56","guid":{"rendered":"https:\/\/www.herreradelduque.com\/?p=5650561"},"modified":"2019-06-06T14:26:56","modified_gmt":"2019-06-06T14:26:56","slug":"campeonatos-de-futbol-sala","status":"publish","type":"post","link":"https:\/\/www.herreradelduque.com\/en\/campeonatos-de-futbol-sala\/","title":{"rendered":"Campeonatos de f\u00fatbol sala"},"content":{"rendered":"<p>Abierto plazo de inscripci\u00f3n para los campeonatos de f\u00fatbol sala.<!--more--><\/p>\n<div>Ya se puede realizar las inscripciones para los Campeonatos de F\u00fatbol Sala que organiza el Ayuntamiento de Herrera del Duque. Para m\u00e1s informaci\u00f3n puedes dirigirte al Pabell\u00f3n Municipal de Deportes.<\/div>\n<div class=\"adL\"><img loading=\"lazy\" class=\"aligncenter wp-image-5650562 size-full\" src=\"http:\/\/www.herreradelduque.com\/wp-content\/uploads\/2019\/06\/CAMPENATO-F\u00daTBOL-SALA.jpg\" alt=\"\" width=\"750\" height=\"527\" srcset=\"https:\/\/www.herreradelduque.com\/wp-content\/uploads\/2019\/06\/CAMPENATO-F\u00daTBOL-SALA.jpg 750w, https:\/\/www.herreradelduque.com\/wp-content\/uploads\/2019\/06\/CAMPENATO-F\u00daTBOL-SALA-600x422.jpg 600w, https:\/\/www.herreradelduque.com\/wp-content\/uploads\/2019\/06\/CAMPENATO-F\u00daTBOL-SALA-300x211.jpg 300w, https:\/\/www.herreradelduque.com\/wp-content\/uploads\/2019\/06\/CAMPENATO-F\u00daTBOL-SALA-200x140.jpg 200w\" sizes=\"(max-width: 750px) 100vw, 750px\" \/><\/div>\n<div><\/div>\n<div><img loading=\"lazy\" class=\"size-full wp-image-5650564 aligncenter\" src=\"http:\/\/www.herreradelduque.com\/wp-content\/uploads\/2019\/06\/24-HORAS-1.jpg\" alt=\"\" width=\"750\" height=\"525\" srcset=\"https:\/\/www.herreradelduque.com\/wp-content\/uploads\/2019\/06\/24-HORAS-1.jpg 750w, https:\/\/www.herreradelduque.com\/wp-content\/uploads\/2019\/06\/24-HORAS-1-600x420.jpg 600w, https:\/\/www.herreradelduque.com\/wp-content\/uploads\/2019\/06\/24-HORAS-1-300x210.jpg 300w, https:\/\/www.herreradelduque.com\/wp-content\/uploads\/2019\/06\/24-HORAS-1-200x140.jpg 200w\" sizes=\"(max-width: 750px) 100vw, 750px\" \/><\/div>\n","protected":false},"excerpt":{"rendered":"<p>Abierto plazo de inscripci&oacute;n para los campeonatos de f&uacute;tbol sala.<\/p>\n","protected":false},"author":1,"featured_media":5650566,"comment_status":"open","ping_status":"open","sticky":false,"template":"","format":"standard","meta":[],"categories":[12],"tags":[],"_links":{"self":[{"href":"https:\/\/www.herreradelduque.com\/en\/wp-json\/wp\/v2\/posts\/5650561"}],"collection":[{"href":"https:\/\/www.herreradelduque.com\/en\/wp-json\/wp\/v2\/posts"}],"about":[{"href":"https:\/\/www.herreradelduque.com\/en\/wp-json\/wp\/v2\/types\/post"}],"author":[{"embeddable":true,"href":"https:\/\/www.herreradelduque.com\/en\/wp-json\/wp\/v2\/users\/1"}],"replies":[{"embeddable":true,"href":"https:\/\/www.herreradelduque.com\/en\/wp-json\/wp\/v2\/comments?post=5650561"}],"version-history":[{"count":1,"href":"https:\/\/www.herreradelduque.com\/en\/wp-json\/wp\/v2\/posts\/5650561\/revisions"}],"predecessor-version":[{"id":5650568,"href":"https:\/\/www.herreradelduque.com\/en\/wp-json\/wp\/v2\/posts\/5650561\/revisions\/5650568"}],"wp:featuredmedia":[{"embeddable":true,"href":"https:\/\/www.herreradelduque.com\/en\/wp-json\/wp\/v2\/media\/5650566"}],"wp:attachment":[{"href":"https:\/\/www.herreradelduque.com\/en\/wp-json\/wp\/v2\/media?parent=5650561"}],"wp:term":[{"taxonomy":"category","embeddable":true,"href":"https:\/\/www.herreradelduque.com\/en\/wp-json\/wp\/v2\/categories?post=5650561"},{"taxonomy":"post_tag","embeddable":true,"href":"https:\/\/www.herreradelduque.com\/en\/wp-json\/wp\/v2\/tags?post=5650561"}],"curies":[{"name":"wp","href":"https:\/\/api.w.org\/{rel}","templated":true}]}}