{"id":5650651,"date":"2019-07-04T09:21:57","date_gmt":"2019-07-04T09:21:57","guid":{"rendered":"https:\/\/www.herreradelduque.com\/?p=5650651"},"modified":"2019-07-04T09:21:57","modified_gmt":"2019-07-04T09:21:57","slug":"patrocinio-programa-fiestas-agosto","status":"publish","type":"post","link":"https:\/\/www.herreradelduque.com\/en\/patrocinio-programa-fiestas-agosto\/","title":{"rendered":"Patrocinio Programa Fiestas Agosto"},"content":{"rendered":"<p>Anuncia tu negocio en el programa de las Ferias y Fiestas de Agosto.<!--more--><\/p>\n<p>Se pone en conocimiento de todos los vecinos\/as, que con motivo de la celebraci\u00f3n de las Ferias y Fiestas, que se celebrar\u00e1n del 09 al 15 de Agosto de 2019, <strong>desde este Ayuntamiento queremos ofrecer un programa de fiestas que recoja toda la diversidad de negocios y empresas que desarrollan su actividad en nuestro pueblo<\/strong>, por ello solicitamos su colaboraci\u00f3n para incorporar un anuncio de sus negocios.<\/p>\n<p>Las opciones son:<\/p>\n<ul>\n<li><strong>Media P\u00e1gina<\/strong>, cuyo conste asciende a 60 \u20ac.<\/li>\n<li><strong>P\u00e1gina Completa<\/strong>, cuyo conste asciende a 120 \u20ac.<\/li>\n<\/ul>\n<p>Todas la personas interesadas, deber\u00e1n pasar por la oficinas municipales, <strong><u>antes de las 15,00 horas del d\u00eda 5 de julio de 2019,<\/u> <\/strong>adem\u00e1s, es conveniente adjuntar un documento con los datos que quiere plasmar en el anuncio para su correcta edici\u00f3n y enviarlo a la siguiente direcci\u00f3n de correo electr\u00f3nico <u>ana.calero@herreradelduque.es.<\/u><\/p>\n","protected":false},"excerpt":{"rendered":"<p>Anuncia tu negocio en el programa de las Ferias y Fiestas de Agosto.<\/p>\n","protected":false},"author":1,"featured_media":5650652,"comment_status":"open","ping_status":"open","sticky":false,"template":"","format":"standard","meta":[],"categories":[106],"tags":[],"_links":{"self":[{"href":"https:\/\/www.herreradelduque.com\/en\/wp-json\/wp\/v2\/posts\/5650651"}],"collection":[{"href":"https:\/\/www.herreradelduque.com\/en\/wp-json\/wp\/v2\/posts"}],"about":[{"href":"https:\/\/www.herreradelduque.com\/en\/wp-json\/wp\/v2\/types\/post"}],"author":[{"embeddable":true,"href":"https:\/\/www.herreradelduque.com\/en\/wp-json\/wp\/v2\/users\/1"}],"replies":[{"embeddable":true,"href":"https:\/\/www.herreradelduque.com\/en\/wp-json\/wp\/v2\/comments?post=5650651"}],"version-history":[{"count":1,"href":"https:\/\/www.herreradelduque.com\/en\/wp-json\/wp\/v2\/posts\/5650651\/revisions"}],"predecessor-version":[{"id":5650654,"href":"https:\/\/www.herreradelduque.com\/en\/wp-json\/wp\/v2\/posts\/5650651\/revisions\/5650654"}],"wp:featuredmedia":[{"embeddable":true,"href":"https:\/\/www.herreradelduque.com\/en\/wp-json\/wp\/v2\/media\/5650652"}],"wp:attachment":[{"href":"https:\/\/www.herreradelduque.com\/en\/wp-json\/wp\/v2\/media?parent=5650651"}],"wp:term":[{"taxonomy":"category","embeddable":true,"href":"https:\/\/www.herreradelduque.com\/en\/wp-json\/wp\/v2\/categories?post=5650651"},{"taxonomy":"post_tag","embeddable":true,"href":"https:\/\/www.herreradelduque.com\/en\/wp-json\/wp\/v2\/tags?post=5650651"}],"curies":[{"name":"wp","href":"https:\/\/api.w.org\/{rel}","templated":true}]}}