{"id":5650750,"date":"2019-07-23T13:48:31","date_gmt":"2019-07-23T13:48:31","guid":{"rendered":"https:\/\/www.herreradelduque.com\/?p=5650750"},"modified":"2019-07-23T13:48:31","modified_gmt":"2019-07-23T13:48:31","slug":"inscripciones-para-ser-cabezudo","status":"publish","type":"post","link":"https:\/\/www.herreradelduque.com\/en\/inscripciones-para-ser-cabezudo\/","title":{"rendered":"Inscripciones para ser cabezudo"},"content":{"rendered":"<p>Inscr\u00edbete para ser cabezudo este a\u00f1o en las fiestas.<!--more--><\/p>\n<p>Con motivo de la celebraci\u00f3n de las Ferias y Fiestas de Agosto de 2019 pongo en conocimiento de la ciudadan\u00eda que aquellas personas interesadas en portar los gigantes y cabezudos del pasacalles que tendr\u00e1 lugar los d\u00edas 10, 11, 12, 13 y 14 de agosto de 2019, pueden inscribirse en el Ayuntamiento hasta el pr\u00f3ximo 25 de julio. El sorteo tendr\u00e1 lugar el viernes, 26 de julio a las 9.30 horas en el sal\u00f3n de plenos del Ayuntamiento. Es imprescindible inscribirse y asistir al sorteo en las fechas indicadas.<\/p>\n","protected":false},"excerpt":{"rendered":"<p>Inscr&iacute;bete para ser cabezudo este a&ntilde;o en las fiestas.<\/p>\n","protected":false},"author":1,"featured_media":5650751,"comment_status":"open","ping_status":"open","sticky":false,"template":"","format":"standard","meta":[],"categories":[9],"tags":[],"_links":{"self":[{"href":"https:\/\/www.herreradelduque.com\/en\/wp-json\/wp\/v2\/posts\/5650750"}],"collection":[{"href":"https:\/\/www.herreradelduque.com\/en\/wp-json\/wp\/v2\/posts"}],"about":[{"href":"https:\/\/www.herreradelduque.com\/en\/wp-json\/wp\/v2\/types\/post"}],"author":[{"embeddable":true,"href":"https:\/\/www.herreradelduque.com\/en\/wp-json\/wp\/v2\/users\/1"}],"replies":[{"embeddable":true,"href":"https:\/\/www.herreradelduque.com\/en\/wp-json\/wp\/v2\/comments?post=5650750"}],"version-history":[{"count":1,"href":"https:\/\/www.herreradelduque.com\/en\/wp-json\/wp\/v2\/posts\/5650750\/revisions"}],"predecessor-version":[{"id":5650753,"href":"https:\/\/www.herreradelduque.com\/en\/wp-json\/wp\/v2\/posts\/5650750\/revisions\/5650753"}],"wp:featuredmedia":[{"embeddable":true,"href":"https:\/\/www.herreradelduque.com\/en\/wp-json\/wp\/v2\/media\/5650751"}],"wp:attachment":[{"href":"https:\/\/www.herreradelduque.com\/en\/wp-json\/wp\/v2\/media?parent=5650750"}],"wp:term":[{"taxonomy":"category","embeddable":true,"href":"https:\/\/www.herreradelduque.com\/en\/wp-json\/wp\/v2\/categories?post=5650750"},{"taxonomy":"post_tag","embeddable":true,"href":"https:\/\/www.herreradelduque.com\/en\/wp-json\/wp\/v2\/tags?post=5650750"}],"curies":[{"name":"wp","href":"https:\/\/api.w.org\/{rel}","templated":true}]}}