{"id":5651059,"date":"2019-11-08T10:59:49","date_gmt":"2019-11-08T10:59:49","guid":{"rendered":"https:\/\/www.herreradelduque.com\/?p=5651059"},"modified":"2019-11-08T11:00:20","modified_gmt":"2019-11-08T11:00:20","slug":"filmoteca-la-virgen-de-agosto","status":"publish","type":"post","link":"https:\/\/www.herreradelduque.com\/en\/filmoteca-la-virgen-de-agosto\/","title":{"rendered":"Filmoteca: La Virgen de Agosto"},"content":{"rendered":"<p>La virgen de agosto\u00a0es una pel\u00edcula dirigida por Jon\u00e1s Trueba<!--more--><\/p>\n<ul>\n<li><strong>Fecha<\/strong>: Mi\u00e9rcoles 13 de Noviembre.<\/li>\n<li><strong>Lugar<\/strong>: Palacio de la Cultura<\/li>\n<li><strong>Precio<\/strong>: 1 \u20ac<\/li>\n<li><strong>Sinopsis<\/strong>: Eva (Itsaso Arana) es una chica de treinta y tres a\u00f1os que hace de su decisi\u00f3n de quedarse en agosto en Madrid un acto de fe. Necesita sentir las cosas de otra manera y piensa en el verano como un tiempo de oportunidades. En esos d\u00edas de fiesta y verbenas se van sucediendo encuentros y azares, y Eva descubrir\u00e1 que todav\u00eda tiene tiempo, que todav\u00eda puede darse una oportunidad.<\/li>\n<\/ul>\n","protected":false},"excerpt":{"rendered":"<p>La virgen de agosto&nbsp;es una pel&iacute;cula dirigida por Jon&aacute;s Trueba<\/p>\n","protected":false},"author":1,"featured_media":5651060,"comment_status":"closed","ping_status":"closed","sticky":false,"template":"","format":"standard","meta":[],"categories":[9],"tags":[],"_links":{"self":[{"href":"https:\/\/www.herreradelduque.com\/en\/wp-json\/wp\/v2\/posts\/5651059"}],"collection":[{"href":"https:\/\/www.herreradelduque.com\/en\/wp-json\/wp\/v2\/posts"}],"about":[{"href":"https:\/\/www.herreradelduque.com\/en\/wp-json\/wp\/v2\/types\/post"}],"author":[{"embeddable":true,"href":"https:\/\/www.herreradelduque.com\/en\/wp-json\/wp\/v2\/users\/1"}],"replies":[{"embeddable":true,"href":"https:\/\/www.herreradelduque.com\/en\/wp-json\/wp\/v2\/comments?post=5651059"}],"version-history":[{"count":1,"href":"https:\/\/www.herreradelduque.com\/en\/wp-json\/wp\/v2\/posts\/5651059\/revisions"}],"predecessor-version":[{"id":5651062,"href":"https:\/\/www.herreradelduque.com\/en\/wp-json\/wp\/v2\/posts\/5651059\/revisions\/5651062"}],"wp:featuredmedia":[{"embeddable":true,"href":"https:\/\/www.herreradelduque.com\/en\/wp-json\/wp\/v2\/media\/5651060"}],"wp:attachment":[{"href":"https:\/\/www.herreradelduque.com\/en\/wp-json\/wp\/v2\/media?parent=5651059"}],"wp:term":[{"taxonomy":"category","embeddable":true,"href":"https:\/\/www.herreradelduque.com\/en\/wp-json\/wp\/v2\/categories?post=5651059"},{"taxonomy":"post_tag","embeddable":true,"href":"https:\/\/www.herreradelduque.com\/en\/wp-json\/wp\/v2\/tags?post=5651059"}],"curies":[{"name":"wp","href":"https:\/\/api.w.org\/{rel}","templated":true}]}}