{"id":5651078,"date":"2019-11-21T09:38:14","date_gmt":"2019-11-21T09:38:14","guid":{"rendered":"https:\/\/www.herreradelduque.com\/?p=5651078"},"modified":"2019-11-21T09:38:14","modified_gmt":"2019-11-21T09:38:14","slug":"marcha-contra-la-violencia-de-genero","status":"publish","type":"post","link":"https:\/\/www.herreradelduque.com\/en\/marcha-contra-la-violencia-de-genero\/","title":{"rendered":"Marcha contra la Violencia de Genero"},"content":{"rendered":"<p>Actividades para el D\u00eda Internacional contra la Violencia de G\u00e9nero.<!--more--><\/p>\n<p>El lunes 25 de noviembre, en conmemoraci\u00f3n del <strong>D\u00eda Internacional contra la Violencia de G\u00e9nero, <\/strong>se van a celebrar las siguientes actividades en colaboraci\u00f3n la Oficina de Igualdad y de Violencia de G\u00e9nero de la Mancomunidad de Municipios Siberia:<\/p>\n<p>16:30 h: <strong>Marcha contra la Violencia de G\u00e9nero<\/strong>. Salida desde el Ayuntamiento hasta el Palacio de la Cultura. Se entregaran camisetas a todas las personas asistentes y lazos morados<\/p>\n<p>17:30 h: <strong>Videoforum<\/strong> en el Palacio de la Cultura sobre violencia de g\u00e9nero. (Organizado por la Oficina de Igualdad y de Violencia de G\u00e9nero Mancomunidad de Municipio Siberia)<\/p>\n<p>Finalizaremos con un <strong>Caf\u00e9 Violeta<\/strong>, en colaboraci\u00f3n con las Asociaciones locales. A continuaci\u00f3n se har\u00e1 entrega de los premios del Concurso de Poes\u00eda organizado con motivo de este d\u00eda.<\/p>\n","protected":false},"excerpt":{"rendered":"<p>Actividades para el D&iacute;a Internacional contra la Violencia de G&eacute;nero.<\/p>\n","protected":false},"author":1,"featured_media":5651079,"comment_status":"closed","ping_status":"closed","sticky":false,"template":"","format":"standard","meta":[],"categories":[9,15],"tags":[],"_links":{"self":[{"href":"https:\/\/www.herreradelduque.com\/en\/wp-json\/wp\/v2\/posts\/5651078"}],"collection":[{"href":"https:\/\/www.herreradelduque.com\/en\/wp-json\/wp\/v2\/posts"}],"about":[{"href":"https:\/\/www.herreradelduque.com\/en\/wp-json\/wp\/v2\/types\/post"}],"author":[{"embeddable":true,"href":"https:\/\/www.herreradelduque.com\/en\/wp-json\/wp\/v2\/users\/1"}],"replies":[{"embeddable":true,"href":"https:\/\/www.herreradelduque.com\/en\/wp-json\/wp\/v2\/comments?post=5651078"}],"version-history":[{"count":1,"href":"https:\/\/www.herreradelduque.com\/en\/wp-json\/wp\/v2\/posts\/5651078\/revisions"}],"predecessor-version":[{"id":5651081,"href":"https:\/\/www.herreradelduque.com\/en\/wp-json\/wp\/v2\/posts\/5651078\/revisions\/5651081"}],"wp:featuredmedia":[{"embeddable":true,"href":"https:\/\/www.herreradelduque.com\/en\/wp-json\/wp\/v2\/media\/5651079"}],"wp:attachment":[{"href":"https:\/\/www.herreradelduque.com\/en\/wp-json\/wp\/v2\/media?parent=5651078"}],"wp:term":[{"taxonomy":"category","embeddable":true,"href":"https:\/\/www.herreradelduque.com\/en\/wp-json\/wp\/v2\/categories?post=5651078"},{"taxonomy":"post_tag","embeddable":true,"href":"https:\/\/www.herreradelduque.com\/en\/wp-json\/wp\/v2\/tags?post=5651078"}],"curies":[{"name":"wp","href":"https:\/\/api.w.org\/{rel}","templated":true}]}}