{"id":5651088,"date":"2019-11-26T16:43:35","date_gmt":"2019-11-26T16:43:35","guid":{"rendered":"https:\/\/www.herreradelduque.com\/?p=5651088"},"modified":"2019-11-29T14:24:09","modified_gmt":"2019-11-29T14:24:09","slug":"estreno-de-adios","status":"publish","type":"post","link":"https:\/\/www.herreradelduque.com\/en\/estreno-de-adios\/","title":{"rendered":"Estreno de &#8216;Adios&#8217;"},"content":{"rendered":"<p>Estreno de &#8216;Adios&#8217;, de Paco Cabezas, protagonizada por Mario Casas.<!--more--><\/p>\n<ul>\n<li><strong>Fechas y horario:<\/strong>\n<ul>\n<li>Domingo 1 de Diciembre: 18.00 h y 20.30 h<\/li>\n<li>Lunes 2 de Diciembre: 20.30 h<\/li>\n<\/ul>\n<\/li>\n<li><strong>Precio: <\/strong>4 \u20ac para ni\u00f1os. 5 \u20ac para Adultos.<\/li>\n<li><strong>Sinopsis: <\/strong>Sevilla. La muerte accidental de una ni\u00f1a en la barriada de Las Tres Mil Viviendas cae en manos de Eli, una inspectora que tendr\u00e1 que lidiar con los recelos de Juan, padre de la ni\u00f1a fallecida y cabeza de familia del clan de Los Santos. El choque entre Eli y Juan por esclarecer la muerte de la peque\u00f1a, destapar\u00e1 ante ambos toda una red de secretos y mentiras que transitan a lo largo de la delgada y difusa l\u00ednea que es la justicia.<\/li>\n<li><strong>Trailer<\/strong>:<\/li>\n<\/ul>\n<p><iframe loading=\"lazy\" src=\"https:\/\/www.youtube.com\/embed\/9IxkAsF_UwQ\" width=\"560\" height=\"315\" frameborder=\"0\" allowfullscreen=\"allowfullscreen\"><\/iframe><\/p>\n","protected":false},"excerpt":{"rendered":"<p>Estreno de &lsquo;Adios&rsquo;, de Paco Cabezas, protagonizada por Mario Casas.<\/p>\n","protected":false},"author":1,"featured_media":5651089,"comment_status":"closed","ping_status":"closed","sticky":false,"template":"","format":"standard","meta":[],"categories":[9],"tags":[],"_links":{"self":[{"href":"https:\/\/www.herreradelduque.com\/en\/wp-json\/wp\/v2\/posts\/5651088"}],"collection":[{"href":"https:\/\/www.herreradelduque.com\/en\/wp-json\/wp\/v2\/posts"}],"about":[{"href":"https:\/\/www.herreradelduque.com\/en\/wp-json\/wp\/v2\/types\/post"}],"author":[{"embeddable":true,"href":"https:\/\/www.herreradelduque.com\/en\/wp-json\/wp\/v2\/users\/1"}],"replies":[{"embeddable":true,"href":"https:\/\/www.herreradelduque.com\/en\/wp-json\/wp\/v2\/comments?post=5651088"}],"version-history":[{"count":1,"href":"https:\/\/www.herreradelduque.com\/en\/wp-json\/wp\/v2\/posts\/5651088\/revisions"}],"predecessor-version":[{"id":5651091,"href":"https:\/\/www.herreradelduque.com\/en\/wp-json\/wp\/v2\/posts\/5651088\/revisions\/5651091"}],"wp:featuredmedia":[{"embeddable":true,"href":"https:\/\/www.herreradelduque.com\/en\/wp-json\/wp\/v2\/media\/5651089"}],"wp:attachment":[{"href":"https:\/\/www.herreradelduque.com\/en\/wp-json\/wp\/v2\/media?parent=5651088"}],"wp:term":[{"taxonomy":"category","embeddable":true,"href":"https:\/\/www.herreradelduque.com\/en\/wp-json\/wp\/v2\/categories?post=5651088"},{"taxonomy":"post_tag","embeddable":true,"href":"https:\/\/www.herreradelduque.com\/en\/wp-json\/wp\/v2\/tags?post=5651088"}],"curies":[{"name":"wp","href":"https:\/\/api.w.org\/{rel}","templated":true}]}}