{"id":5651093,"date":"2019-11-29T14:21:17","date_gmt":"2019-11-29T14:21:17","guid":{"rendered":"https:\/\/www.herreradelduque.com\/?p=5651093"},"modified":"2019-11-29T23:03:45","modified_gmt":"2019-11-29T23:03:45","slug":"plaza-de-tecnico-de-mantenimiento","status":"publish","type":"post","link":"https:\/\/www.herreradelduque.com\/en\/plaza-de-tecnico-de-mantenimiento\/","title":{"rendered":"Plaza de t\u00e9cnico de mantenimiento"},"content":{"rendered":"<p>Bases para convocatoria de puesto de t\u00e9cnico de mantenimiento.<!--more--><\/p>\n<p>&nbsp;<\/p>\n<p><strong>CONVOCATORIA PARA LA CREACI\u00d3N DE UNA BOLSA PARA LA PROVISI\u00d3N TEMPORAL DE T\u00c9CNICO DE MANTENIMIENTO PARA EL AYUNTAMIENTO DE HERRERA DEL DUQUE.<\/strong><br \/>\n<strong>OBJETO:<\/strong><\/p>\n<p>Selecci\u00f3n de una bolsa para la provisi\u00f3n temporal de UNA PLAZA DE UN T\u00c9CNICO DE MANTENIMIENTO para el Ayuntamiento de Herrera del Duque, durante seis meses de duraci\u00f3n, a jornada completa. Esta bolsa se utilizar\u00e1 para cubrir bajas, vacantes o cualquier otra necesidad urgente que pudiera surgir. Debido a la amplitud y polivalencia de las funciones a desarrollar, realizar\u00e1 funciones relacionadas con medios audiovisuales y equipos inform\u00e1ticos.<\/p>\n<p><strong>REQUISITOS<\/strong>:<\/p>\n<p>A) Ser espa\u00f1ol\/a, o ciudadano de cualquiera de los Estados miembros de la U.E., o de aquellos Estados a los que, en virtud de tratados internacionales celebrados por la U.E. y ratificados por Espa\u00f1a, le sea de aplicaci\u00f3n la libre circulaci\u00f3n de trabajadores, en los t\u00e9rminos previstos en la Ley 17\/93, de 23 de Diciembre y dem\u00e1s normas concordantes.<\/p>\n<p>B) Ser mayor de 16 a\u00f1os.<\/p>\n<p>C) No padecer enfermedad o defecto f\u00edsico que impida el normal desarrollo de sus funciones.<\/p>\n<p>D) No haber sido separado de ninguna Administraci\u00f3n P\u00fablica, mediante expediente disciplinario ni hallarse inhabilitado para el ejercicio de funciones p\u00fablicas por sentencia firme.<\/p>\n<p>E) Tener total disponibilidad para desempe\u00f1ar su jornada de trabajo de forma partida, si as\u00ed se indica por el Ayuntamiento, as\u00ed como tener total disponibilidad para trabajar durante d\u00edas festivos o fines de semana.<\/p>\n<p>F) Estar en posesi\u00f3n de ESO o GRADUADO ESCOLAR.<\/p>\n<p><strong>PROCESO SELECTIVO<br \/>\n<\/strong><br \/>\nConcurso y Entrevista Personal.<br \/>\nLa entrevista se efectuar\u00e1 por el tribunal que se reunir\u00e1 a tal efecto a partir de las 11,00 horas del d\u00eda 5 de Diciembre de 2019, en la Sala de Juntas del Ayuntamiento, proponi\u00e9ndose para la contrataci\u00f3n al aspirante que haya obtenido la mayor puntuaci\u00f3n, quedando el resto por orden decreciente en bolsa de trabajo.<\/p>\n<p><strong>RETRIBUCIONES<\/strong><\/p>\n<p>La persona contratada, percibir\u00e1 la cantidad de 1.176,36 \u20ac brutos mensuales incluida paga extra.<\/p>\n<p><strong>SOLICITUDES<br \/>\n<\/strong><br \/>\nLas solicitudes ajustadas al modelo de instancia que se facilitar\u00e1 al efecto, se presentar\u00e1n en el registro general de este Ayuntamiento, en horas y d\u00edas h\u00e1biles de oficina hasta las 10,00 horas del d\u00eda 5 de diciembre de 2019, a la que habr\u00e1 de acompa\u00f1ar la documentaci\u00f3n acreditativa del cumplimiento de los requisitos necesarios para ser admitidos.<\/p>\n","protected":false},"excerpt":{"rendered":"<p>Bases para convocatoria de puesto de t&eacute;cnico de mantenimiento.<\/p>\n","protected":false},"author":1,"featured_media":5651101,"comment_status":"closed","ping_status":"closed","sticky":false,"template":"","format":"standard","meta":[],"categories":[11],"tags":[],"_links":{"self":[{"href":"https:\/\/www.herreradelduque.com\/en\/wp-json\/wp\/v2\/posts\/5651093"}],"collection":[{"href":"https:\/\/www.herreradelduque.com\/en\/wp-json\/wp\/v2\/posts"}],"about":[{"href":"https:\/\/www.herreradelduque.com\/en\/wp-json\/wp\/v2\/types\/post"}],"author":[{"embeddable":true,"href":"https:\/\/www.herreradelduque.com\/en\/wp-json\/wp\/v2\/users\/1"}],"replies":[{"embeddable":true,"href":"https:\/\/www.herreradelduque.com\/en\/wp-json\/wp\/v2\/comments?post=5651093"}],"version-history":[{"count":3,"href":"https:\/\/www.herreradelduque.com\/en\/wp-json\/wp\/v2\/posts\/5651093\/revisions"}],"predecessor-version":[{"id":5651100,"href":"https:\/\/www.herreradelduque.com\/en\/wp-json\/wp\/v2\/posts\/5651093\/revisions\/5651100"}],"wp:featuredmedia":[{"embeddable":true,"href":"https:\/\/www.herreradelduque.com\/en\/wp-json\/wp\/v2\/media\/5651101"}],"wp:attachment":[{"href":"https:\/\/www.herreradelduque.com\/en\/wp-json\/wp\/v2\/media?parent=5651093"}],"wp:term":[{"taxonomy":"category","embeddable":true,"href":"https:\/\/www.herreradelduque.com\/en\/wp-json\/wp\/v2\/categories?post=5651093"},{"taxonomy":"post_tag","embeddable":true,"href":"https:\/\/www.herreradelduque.com\/en\/wp-json\/wp\/v2\/tags?post=5651093"}],"curies":[{"name":"wp","href":"https:\/\/api.w.org\/{rel}","templated":true}]}}