{"id":5651112,"date":"2019-12-02T21:19:33","date_gmt":"2019-12-02T21:19:33","guid":{"rendered":"https:\/\/www.herreradelduque.com\/?p=5651112"},"modified":"2019-12-02T21:27:30","modified_gmt":"2019-12-02T21:27:30","slug":"oficiales-de-albanileria","status":"publish","type":"post","link":"https:\/\/www.herreradelduque.com\/en\/oficiales-de-albanileria\/","title":{"rendered":"Oficiales de alba\u00f1iler\u00eda"},"content":{"rendered":"<p>Se convocan plazas de oficiales de alba\u00f1iler\u00eda<!--more--><\/p>\n<p><strong>CONVOCATORIA PARA LA CREACI\u00d3N DE UNA BOLSA PARA LA PROVISI\u00d3N TEMPORAL DE OFICIALES DE PRIMERA DE ALBA\u00d1ILER\u00cdA, PARA EL AYUNTAMIENTO DE HERRERA DEL DUQUE.<\/strong><\/p>\n<p><strong>OBJETO<\/strong><br \/>\nSelecci\u00f3n de una bolsa para la provisi\u00f3n temporal de una bolsa de trabajo espec\u00edfica de OFICIALES DE PRIMERA DE ALBA\u00d1ILER\u00cdA. Esta bolsa se utilizar\u00e1 para cubrir bajas, vacantes o cualquier otra necesidad urgente que pudiera surgir. Esta bolsa se constituir\u00e1 para la realizaci\u00f3n de contrataciones temporales, a tiempo completo, de acuerdo con las necesidades del servicio. El periodo m\u00ednimo de contrataci\u00f3n ser\u00e1 de 2 meses y el m\u00e1ximo, incluidas pr\u00f3rrogas, ser\u00e1 de 6 meses.<\/p>\n<p><strong>REQUISITOS<\/strong>:<\/p>\n<p style=\"padding-left: 40px;\">a. Ser espa\u00f1ol\/a o ciudadano\/a de cualquiera de los Estados miembros de la U.E., o de aquellos Estados a los que, en virtud de tratados internacionales celebrados por la U.E. y ratificados por Espa\u00f1a, le sea de aplicaci\u00f3n la libre circulaci\u00f3n de trabajadores, en los t\u00e9rminos previstos en la Ley 17\/93 de 23 de diciembre y dem\u00e1s normas concordantes.<\/p>\n<p style=\"padding-left: 40px;\">b. Ser mayor de 16 a\u00f1os.<\/p>\n<p style=\"padding-left: 40px;\">c. No padecer enfermedad ni estar afectado por limitaci\u00f3n f\u00edsica o ps\u00edquica incompatible con el desempe\u00f1o de las correspondientes funciones.<\/p>\n<p style=\"padding-left: 40px;\">d. No haber sido separado de ninguna Administraci\u00f3n P\u00fablica, mediante expediente disciplinario ni hallarse inhabilitado para el ejercicio de funciones p\u00fablicas por sentencia firme.<\/p>\n<p style=\"padding-left: 40px;\">e. Estar inscrito en el SEXPE como demandante de empleo.<\/p>\n<p style=\"padding-left: 40px;\">f. Tener total disponibilidad para desempe\u00f1ar su jornada de trabajo de forma partida, si as\u00ed se indica por el Ayuntamiento, as\u00ed como tener disponibilidad para trabajar durante d\u00edas festivos, si as\u00ed lo requiere el servicio.<\/p>\n<p style=\"padding-left: 40px;\">g. Estar en posesi\u00f3n del permiso de conducir B1.<\/p>\n<p style=\"padding-left: 40px;\">h. Disponer de una experiencia profesional m\u00ednima de seis meses como Oficial de primera de la construcci\u00f3n alba\u00f1il. PROCESO SELECTIVO Concurso y Entrevista Personal. La entrevista se efectuar\u00e1 por el tribunal que se reunir\u00e1 a tal efecto a partir de las 10,30 horas del d\u00eda 11 de Diciembre de 2019, en la Sala de Juntas del Ayuntamiento, proponi\u00e9ndose la creaci\u00f3n de una bolsa de trabajo, en la que los aspirantes aparecer\u00e1n, por orden decreciente de puntuaci\u00f3n.<\/p>\n<p><strong>RETRIBUCIONES<\/strong>:<br \/>\nLa persona contratada, percibir\u00e1 el importe de 1.159,17 \u20ac brutos\/mes, incluida paga extra.<\/p>\n<p><strong>SOLICITUDES<\/strong>:<br \/>\nLas solicitudes ajustadas al modelo de instancia que se facilitar\u00e1 al efecto, se presentar\u00e1n en el registro general de este Ayuntamiento, en horas y d\u00edas h\u00e1biles de oficina hasta las 15,00 horas del d\u00eda 10 de diciembre de 2019, a la que habr\u00e1 de acompa\u00f1ar la documentaci\u00f3n acreditativa del cumplimiento de los requisitos necesarios para ser admitido.<\/p>\n<p style=\"padding-left: 40px;\">\n","protected":false},"excerpt":{"rendered":"<p>Se convocan plazas de oficiales de alba&ntilde;iler&iacute;a<\/p>\n","protected":false},"author":1,"featured_media":5651113,"comment_status":"closed","ping_status":"closed","sticky":false,"template":"","format":"standard","meta":[],"categories":[11],"tags":[],"_links":{"self":[{"href":"https:\/\/www.herreradelduque.com\/en\/wp-json\/wp\/v2\/posts\/5651112"}],"collection":[{"href":"https:\/\/www.herreradelduque.com\/en\/wp-json\/wp\/v2\/posts"}],"about":[{"href":"https:\/\/www.herreradelduque.com\/en\/wp-json\/wp\/v2\/types\/post"}],"author":[{"embeddable":true,"href":"https:\/\/www.herreradelduque.com\/en\/wp-json\/wp\/v2\/users\/1"}],"replies":[{"embeddable":true,"href":"https:\/\/www.herreradelduque.com\/en\/wp-json\/wp\/v2\/comments?post=5651112"}],"version-history":[{"count":2,"href":"https:\/\/www.herreradelduque.com\/en\/wp-json\/wp\/v2\/posts\/5651112\/revisions"}],"predecessor-version":[{"id":5651120,"href":"https:\/\/www.herreradelduque.com\/en\/wp-json\/wp\/v2\/posts\/5651112\/revisions\/5651120"}],"wp:featuredmedia":[{"embeddable":true,"href":"https:\/\/www.herreradelduque.com\/en\/wp-json\/wp\/v2\/media\/5651113"}],"wp:attachment":[{"href":"https:\/\/www.herreradelduque.com\/en\/wp-json\/wp\/v2\/media?parent=5651112"}],"wp:term":[{"taxonomy":"category","embeddable":true,"href":"https:\/\/www.herreradelduque.com\/en\/wp-json\/wp\/v2\/categories?post=5651112"},{"taxonomy":"post_tag","embeddable":true,"href":"https:\/\/www.herreradelduque.com\/en\/wp-json\/wp\/v2\/tags?post=5651112"}],"curies":[{"name":"wp","href":"https:\/\/api.w.org\/{rel}","templated":true}]}}