{"id":5651151,"date":"2019-12-23T18:09:20","date_gmt":"2019-12-23T18:09:20","guid":{"rendered":"https:\/\/www.herreradelduque.com\/?p=5651151"},"modified":"2019-12-25T19:49:55","modified_gmt":"2019-12-25T19:49:55","slug":"nochevieja-infantil-2019","status":"publish","type":"post","link":"https:\/\/www.herreradelduque.com\/en\/nochevieja-infantil-2019\/","title":{"rendered":"Nochevieja infantil 2019"},"content":{"rendered":"<p>Nueva edici\u00f3n de la Nochevieja para los m\u00e1s peque\u00f1os <!--more--><\/p>\n<p>El martes 31 de diciembre, a las 11.30 h en Plaza de Espa\u00f1a, podremos los m\u00e1s peque\u00f1os podr\u00e1n disfrutar de una Nochevieja especial para ellos. Diversi\u00f3n asegurada para acabar el a\u00f1o con las campanadas y un precioso espect\u00e1culo navide\u00f1o para todos los ni\u00f1os y ni\u00f1as.<\/p>\n","protected":false},"excerpt":{"rendered":"<p>Nueva edici&oacute;n de la Nochevieja para los m&aacute;s peque&ntilde;os<\/p>\n","protected":false},"author":1,"featured_media":5651152,"comment_status":"closed","ping_status":"closed","sticky":false,"template":"","format":"standard","meta":[],"categories":[10],"tags":[],"_links":{"self":[{"href":"https:\/\/www.herreradelduque.com\/en\/wp-json\/wp\/v2\/posts\/5651151"}],"collection":[{"href":"https:\/\/www.herreradelduque.com\/en\/wp-json\/wp\/v2\/posts"}],"about":[{"href":"https:\/\/www.herreradelduque.com\/en\/wp-json\/wp\/v2\/types\/post"}],"author":[{"embeddable":true,"href":"https:\/\/www.herreradelduque.com\/en\/wp-json\/wp\/v2\/users\/1"}],"replies":[{"embeddable":true,"href":"https:\/\/www.herreradelduque.com\/en\/wp-json\/wp\/v2\/comments?post=5651151"}],"version-history":[{"count":1,"href":"https:\/\/www.herreradelduque.com\/en\/wp-json\/wp\/v2\/posts\/5651151\/revisions"}],"predecessor-version":[{"id":5651154,"href":"https:\/\/www.herreradelduque.com\/en\/wp-json\/wp\/v2\/posts\/5651151\/revisions\/5651154"}],"wp:featuredmedia":[{"embeddable":true,"href":"https:\/\/www.herreradelduque.com\/en\/wp-json\/wp\/v2\/media\/5651152"}],"wp:attachment":[{"href":"https:\/\/www.herreradelduque.com\/en\/wp-json\/wp\/v2\/media?parent=5651151"}],"wp:term":[{"taxonomy":"category","embeddable":true,"href":"https:\/\/www.herreradelduque.com\/en\/wp-json\/wp\/v2\/categories?post=5651151"},{"taxonomy":"post_tag","embeddable":true,"href":"https:\/\/www.herreradelduque.com\/en\/wp-json\/wp\/v2\/tags?post=5651151"}],"curies":[{"name":"wp","href":"https:\/\/api.w.org\/{rel}","templated":true}]}}