{"id":5651286,"date":"2020-02-05T11:56:07","date_gmt":"2020-02-05T11:56:07","guid":{"rendered":"https:\/\/www.herreradelduque.com\/?p=5651286"},"modified":"2020-02-05T11:56:49","modified_gmt":"2020-02-05T11:56:49","slug":"visita-la-escuela-municipal-de-musica","status":"publish","type":"post","link":"https:\/\/www.herreradelduque.com\/en\/visita-la-escuela-municipal-de-musica\/","title":{"rendered":"Visita a la Escuela Municipal de M\u00fasica"},"content":{"rendered":"<p>El alcalde visita la Escuela Municipal de M\u00fasica<!--more--><\/p>\n<p>En la tarde del martes 4 de febrero, nuestro alcalde, Saturnino Alc\u00e1zar, visit\u00f3 nuestra Escuela Municipal de M\u00fasica. En dicha visita que comprob\u00f3 de primera mano el trabajo que est\u00e1n desarrollando los profesionales de nuestra Escuela de M\u00fasica as\u00ed como la evoluci\u00f3n de los alumnos y alumnas.<\/p>\n<p>En este curso acad\u00e9mico la Escuela Municipal de M\u00fasica sigue aumentando en n\u00famero de matriculaciones, m\u00e1s de 300 alumnos y alumnas componen ya dicha Escuela. La dimensi\u00f3n de la Escuela Municipal de M\u00fasica es tal en estos 12 a\u00f1os desde que se comenzara en 2007 que se ha tenido que nombrar recientemente un director de la Escuela con el fin de organizar y programar mejor el trabajo que sin duda dar\u00e1 sus resultados en los alumnos y las alumnas de nuestra Escuela de M\u00fasica.<\/p>\n<p>A la visita que realiz\u00f3 ayer el alcalde, Saturnino Alc\u00e1zar, le acompa\u00f1aron la Concejala de Educaci\u00f3n, Lola Carpio, as\u00ed como el nuevo Director de la Escuela Municipal de M\u00fasica, Isidro Parejo, en donde en el trascurso de la visita pudieron comprobar e intercambiar opiniones con los profesionales y con los alumnos, recogiendo de esta forma algunas de las necesidades que van surgiendo.<\/p>\n<p>Por su parte el alcalde, Saturnino Alc\u00e1zar, se mostr\u00f3 muy satisfecho de que en tan solo 12 a\u00f1os de funcionamiento de nuestra Escuela Municipal de M\u00fasica se haya alcanzado tanto nivel en educaci\u00f3n musical como en el numero de alumnos matriculados que superan los 300, un hecho impensable en 2007 cuando comenz\u00f3 la andadura de esta escuela de m\u00fasica. Actualmente la Escuela Municipal de M\u00fasica ademas de contar con mas de 300 alumnos cuenta tambi\u00e9n con 8 profesores y 9 especialidades, ademas de la Banda Municipal como la Coral. Sin lugar a dudas una referencia en nuestra comarca.<\/p>\n","protected":false},"excerpt":{"rendered":"<p>El alcalde visita la Escuela Municipal de M&uacute;sica<\/p>\n","protected":false},"author":1,"featured_media":5651287,"comment_status":"closed","ping_status":"closed","sticky":false,"template":"","format":"standard","meta":[],"categories":[105],"tags":[],"_links":{"self":[{"href":"https:\/\/www.herreradelduque.com\/en\/wp-json\/wp\/v2\/posts\/5651286"}],"collection":[{"href":"https:\/\/www.herreradelduque.com\/en\/wp-json\/wp\/v2\/posts"}],"about":[{"href":"https:\/\/www.herreradelduque.com\/en\/wp-json\/wp\/v2\/types\/post"}],"author":[{"embeddable":true,"href":"https:\/\/www.herreradelduque.com\/en\/wp-json\/wp\/v2\/users\/1"}],"replies":[{"embeddable":true,"href":"https:\/\/www.herreradelduque.com\/en\/wp-json\/wp\/v2\/comments?post=5651286"}],"version-history":[{"count":2,"href":"https:\/\/www.herreradelduque.com\/en\/wp-json\/wp\/v2\/posts\/5651286\/revisions"}],"predecessor-version":[{"id":5651290,"href":"https:\/\/www.herreradelduque.com\/en\/wp-json\/wp\/v2\/posts\/5651286\/revisions\/5651290"}],"wp:featuredmedia":[{"embeddable":true,"href":"https:\/\/www.herreradelduque.com\/en\/wp-json\/wp\/v2\/media\/5651287"}],"wp:attachment":[{"href":"https:\/\/www.herreradelduque.com\/en\/wp-json\/wp\/v2\/media?parent=5651286"}],"wp:term":[{"taxonomy":"category","embeddable":true,"href":"https:\/\/www.herreradelduque.com\/en\/wp-json\/wp\/v2\/categories?post=5651286"},{"taxonomy":"post_tag","embeddable":true,"href":"https:\/\/www.herreradelduque.com\/en\/wp-json\/wp\/v2\/tags?post=5651286"}],"curies":[{"name":"wp","href":"https:\/\/api.w.org\/{rel}","templated":true}]}}