{"id":5651380,"date":"2020-03-09T11:06:09","date_gmt":"2020-03-09T11:06:09","guid":{"rendered":"https:\/\/www.herreradelduque.com\/?p=5651380"},"modified":"2020-03-09T11:06:09","modified_gmt":"2020-03-09T11:06:09","slug":"recogida-de-enseres-19-03-2020","status":"publish","type":"post","link":"https:\/\/www.herreradelduque.com\/en\/recogida-de-enseres-19-03-2020\/","title":{"rendered":"Recogida de enseres 19.03.2020"},"content":{"rendered":"<p>El jueves 19 de marzo se llevar\u00e1 a cabo una nueva recogida de enseres voluminosos<!--more--><\/p>\n<p>Se pone en conocimiento de todos los vecinos y vecinas que la recogida de enseres dom\u00e9sticos voluminosos se efectuar\u00e1 el pr\u00f3ximo <strong>Jueves 19 de Marzo de 2020<\/strong>. Los enseres se recoger\u00e1n <strong>a partir de las 8:00 horas en la puerta de los propios domicilios<\/strong>, para lo que previamente los interesados deber\u00e1n apuntarse en la oficina de Ciudades Saludables del Ayuntamiento o llamando al tel\u00e9fono 924 65 00 06. As\u00ed mismo, informo que est\u00e1 prohibido depositar residuos en ning\u00fan lugar de la v\u00eda p\u00fablica ni del entorno del municipio.<\/p>\n","protected":false},"excerpt":{"rendered":"<p>El jueves 19 de marzo se llevar&aacute; a cabo una nueva recogida de enseres&#8230;<\/p>\n","protected":false},"author":1,"featured_media":5651202,"comment_status":"closed","ping_status":"closed","sticky":false,"template":"","format":"standard","meta":[],"categories":[108],"tags":[],"_links":{"self":[{"href":"https:\/\/www.herreradelduque.com\/en\/wp-json\/wp\/v2\/posts\/5651380"}],"collection":[{"href":"https:\/\/www.herreradelduque.com\/en\/wp-json\/wp\/v2\/posts"}],"about":[{"href":"https:\/\/www.herreradelduque.com\/en\/wp-json\/wp\/v2\/types\/post"}],"author":[{"embeddable":true,"href":"https:\/\/www.herreradelduque.com\/en\/wp-json\/wp\/v2\/users\/1"}],"replies":[{"embeddable":true,"href":"https:\/\/www.herreradelduque.com\/en\/wp-json\/wp\/v2\/comments?post=5651380"}],"version-history":[{"count":1,"href":"https:\/\/www.herreradelduque.com\/en\/wp-json\/wp\/v2\/posts\/5651380\/revisions"}],"predecessor-version":[{"id":5651381,"href":"https:\/\/www.herreradelduque.com\/en\/wp-json\/wp\/v2\/posts\/5651380\/revisions\/5651381"}],"wp:featuredmedia":[{"embeddable":true,"href":"https:\/\/www.herreradelduque.com\/en\/wp-json\/wp\/v2\/media\/5651202"}],"wp:attachment":[{"href":"https:\/\/www.herreradelduque.com\/en\/wp-json\/wp\/v2\/media?parent=5651380"}],"wp:term":[{"taxonomy":"category","embeddable":true,"href":"https:\/\/www.herreradelduque.com\/en\/wp-json\/wp\/v2\/categories?post=5651380"},{"taxonomy":"post_tag","embeddable":true,"href":"https:\/\/www.herreradelduque.com\/en\/wp-json\/wp\/v2\/tags?post=5651380"}],"curies":[{"name":"wp","href":"https:\/\/api.w.org\/{rel}","templated":true}]}}