{"id":5651674,"date":"2020-04-08T16:03:25","date_gmt":"2020-04-08T16:03:25","guid":{"rendered":"https:\/\/www.herreradelduque.com\/?p=5651674"},"modified":"2020-04-08T16:09:36","modified_gmt":"2020-04-08T16:09:36","slug":"programacion-especial-semana-santa-2020","status":"publish","type":"post","link":"https:\/\/www.herreradelduque.com\/en\/programacion-especial-semana-santa-2020\/","title":{"rendered":"Programaci\u00f3n Especial Semana Santa 2020"},"content":{"rendered":"<p>Consulta la programaci\u00f3n especial para estos d\u00edas de Semana Santa<!--more--><\/p>\n<p>Esta semana santa, el ayuntamiento de Herrera del Duque, ofrece una amplia programaci\u00f3n que se puede servir desde casa sustituyendo las salidas a la calle.<\/p>\n<p>El Ayuntamiento ha hecho p\u00fablico una programaci\u00f3n de lujo que comienza la tarde del 8 de abril con la secci\u00f3n de <strong>Recetas de cocina<\/strong> que comenzar\u00e1 con la elaboraci\u00f3n de un dulce t\u00edpico herrere\u00f1o de estas fechas como es la \u00ab<strong><em>Candelilla<\/em><\/strong>\u00bb.<\/p>\n<p>Este <strong>Jueves Santo a las 12.30h<\/strong>, el famoso <strong>cocinero<\/strong> <strong>Antonio Granero<\/strong> que tiene un programa de cocina en la televisi\u00f3n auton\u00f3mica entrar\u00e1 en directo a las redes sociales del ayuntamiento elaborando una receta t\u00edpica para estos d\u00edas de semana santa.<\/p>\n<p>A las a las 21.00 h, el Ayuntamiento colgar\u00e1 un <strong>video de la procesi\u00f3n de Jueves Santo de otros a\u00f1os,<\/strong> y a las 21.30h la herrere\u00f1a cantaora de flamenco <strong>Celia Romero<\/strong> tendr\u00e1 un espacio en el que interpretar\u00e1 saetas de semana Santa.<\/p>\n<p>Para el <strong>viernes 10 de abril<\/strong> el Ayuntamiento ofrecer\u00e1 un <strong>fragmento de la procesi\u00f3n de Viernes Santo a las 21.00 h<\/strong> y a las 21.30 h <strong>Celia Romero<\/strong> ofrecer\u00e1 de nuevo el canto de saetas.<\/p>\n<p>El <strong>domingo 12 de abril<\/strong> por la ma\u00f1ana a las 12.00 h pasar\u00e1 un <strong>video del Domingo de Resurrecci\u00f3n<\/strong> y a las 18.00 h el <strong>mago Alfred Cobami<\/strong> har\u00e1 un taller de magia.<\/p>\n","protected":false},"excerpt":{"rendered":"<p>Consulta la programaci&oacute;n especial para estos d&iacute;as de Semana Santa<\/p>\n","protected":false},"author":1,"featured_media":5651680,"comment_status":"closed","ping_status":"closed","sticky":false,"template":"","format":"standard","meta":[],"categories":[9],"tags":[],"_links":{"self":[{"href":"https:\/\/www.herreradelduque.com\/en\/wp-json\/wp\/v2\/posts\/5651674"}],"collection":[{"href":"https:\/\/www.herreradelduque.com\/en\/wp-json\/wp\/v2\/posts"}],"about":[{"href":"https:\/\/www.herreradelduque.com\/en\/wp-json\/wp\/v2\/types\/post"}],"author":[{"embeddable":true,"href":"https:\/\/www.herreradelduque.com\/en\/wp-json\/wp\/v2\/users\/1"}],"replies":[{"embeddable":true,"href":"https:\/\/www.herreradelduque.com\/en\/wp-json\/wp\/v2\/comments?post=5651674"}],"version-history":[{"count":3,"href":"https:\/\/www.herreradelduque.com\/en\/wp-json\/wp\/v2\/posts\/5651674\/revisions"}],"predecessor-version":[{"id":5651679,"href":"https:\/\/www.herreradelduque.com\/en\/wp-json\/wp\/v2\/posts\/5651674\/revisions\/5651679"}],"wp:featuredmedia":[{"embeddable":true,"href":"https:\/\/www.herreradelduque.com\/en\/wp-json\/wp\/v2\/media\/5651680"}],"wp:attachment":[{"href":"https:\/\/www.herreradelduque.com\/en\/wp-json\/wp\/v2\/media?parent=5651674"}],"wp:term":[{"taxonomy":"category","embeddable":true,"href":"https:\/\/www.herreradelduque.com\/en\/wp-json\/wp\/v2\/categories?post=5651674"},{"taxonomy":"post_tag","embeddable":true,"href":"https:\/\/www.herreradelduque.com\/en\/wp-json\/wp\/v2\/tags?post=5651674"}],"curies":[{"name":"wp","href":"https:\/\/api.w.org\/{rel}","templated":true}]}}