{"id":5651768,"date":"2020-05-09T15:58:16","date_gmt":"2020-05-09T15:58:16","guid":{"rendered":"https:\/\/www.herreradelduque.com\/?p=5651768"},"modified":"2020-05-09T15:58:16","modified_gmt":"2020-05-09T15:58:16","slug":"resumen-del-pleno-7-de-mayo","status":"publish","type":"post","link":"https:\/\/www.herreradelduque.com\/en\/resumen-del-pleno-7-de-mayo\/","title":{"rendered":"Resumen del pleno 7 de mayo"},"content":{"rendered":"<p>Consulta el resumen del pleno en sesi\u00f3n ordinaria del jueves 7 de mayo <!--more--><\/p>\n<p>&nbsp;<\/p>\n<p>En la ma\u00f1ana de este mi\u00e9rcoles 7 de mayo, a las 11 horas, ten\u00eda lugar el Pleno Ordinario correspondiente al mes de abril, en el que se trataron diversos asuntos importantes tanto para el municipio como para los ciudadanos de Herrera del Duque.<\/p>\n<p>Este pleno ten\u00eda la particularidad que era el primer pleno que se celebraba despu\u00e9s de que el Gobierno de Espa\u00f1a decretase el Estado de Alarma a ra\u00edz de la pandemia mundial del COVID-19. El pleno del mes de marzo fue suspendido. Este Pleno Ordinario se retransmiti\u00f3 a trav\u00e9s de las redes sociales como viene siendo habitual desde hace tiempo, pero adem\u00e1s se ha celebrado de forma telem\u00e1tica, entre los miembros de la Corporaci\u00f3n Municipal. En el Sal\u00f3n de Plenos solo ocupaban sus asientos el Alcalde-Presidente de la Corporaci\u00f3n Municipal, Saturnino Alc\u00e1zar, el portavoz del PSOE, Javier Valad\u00e9s y la portavoz del PP, Choni Hern\u00e1ndez, asistidos por la Secretaria de la Corporaci\u00f3n municipal. El resto de concejales han participado en dicho pleno de forma telem\u00e1tica.<\/p>\n<p>El pleno se inicio con la intervenci\u00f3n del Alcalde, proponiendo un minuto de silencio por todos los fallecidos en este tiempo de confinamiento, posteriormente se aprob\u00f3 el acta de la sesi\u00f3n anterior.<br \/>\nEl segundo punto del Orden del D\u00eda se aprob\u00f3 de forma un\u00e1nime la adenda al Convenio de prestaci\u00f3n del servicio de gesti\u00f3n y recaudaci\u00f3n de multas en materia de tr\u00e1fico, en relaci\u00f3n a la cesi\u00f3n de equipos medidores cinem\u00f3metros, con el objetivo de reforzar la seguridad vial en nuestro municipio.<\/p>\n<p>El punto tres se d\u00edo cuenta de la renuncia anticipada a la condici\u00f3n de Concejal de D. Pantale\u00f3n Herrera Gallego, a ra\u00edz de la renuncia de su acta de concejala Natalia Ledesma. Por lo que pasar\u00e1 a la siguiente de la candidatura del PSOE M\u00aa \u00c1ngeles Toledo.<\/p>\n<p>En el punto n\u00famero 4 se di\u00f3 cuenta de la liquidaci\u00f3n del Presupuesto del ejercicio 2019 e informes anexos, que con los datos aportados se certifica una buena salud de las cuentas municipales que ha permitido hacer inversiones en el municipio para el beneficio y disfrute de los ciudadanos. Un total del 94% del presupuestos de 2.019 ha sido ejecutado, por lo que hace tener una buena salud econ\u00f3mica, eficacia, eficiencia y disciplina presupuestaria que est\u00e1 haciendo a Herrera del Duque pionero en servicios y en inversiones.<\/p>\n<p>En el punto 5 se debati\u00f3 la aprobaci\u00f3n Provisional de la Modificaci\u00f3n puntual 1\/2019, del Plan General de Ordenaci\u00f3n Urbana, con la aprobaci\u00f3n inicial de este tr\u00e1mite que todos los grupos han votado a favor que a va a permitir que las parcelas urbanas menores de 100 metros cuadrados puedan edificarse, permitiendo de esta forma que muchos propietarios que tienen parcelas en nuestro municipio puedan construir viviendas.<\/p>\n<p>En el punto n\u00famero 6 se aprob\u00f3 de forma provisional la de modificaci\u00f3n de varias Ordenanzas Fiscales, en la que entre otras se ha introducido una cl\u00e1usula social en la que va a permitir que cualquier familia que se encuentre en riesgo de exclusi\u00f3n y no tengan conexi\u00f3n a internet pueda tener acceso a la red Wifi municipal ofreci\u00e9ndole las mismas oportunidades con el fin de que los escolares puedan seguir con el curso escolar, y garantizar, ahora y siempre, de esta forma que ninguna familia con independencia de sus recursos econ\u00f3micos no pueda avanzar en la educaci\u00f3n de sus hijos.<\/p>\n<p>En los informes y Decretos de Alcald\u00eda el Alcalde, Saturnino Alc\u00e1zar, ha hecho una exposici\u00f3n pormenorizada de todas las acciones que se han llevado desde el ayuntamiento desde que incluso antes que comenzara el Estado de Alarma, ya que como bien explic\u00f3 el regidor, los servicios municipales de nuestro municipio se adelant\u00f3 a ofrecer las clases de la Escuela Municipal de M\u00fasica de forma telem\u00e1tica, y el cierre al p\u00fablico de las dependencias municipales.<\/p>\n<p>El Alcalde, Saturnino Alc\u00e1zar, di\u00f3 las gracias a todos los ciudadanos de Herrera del Duque y de Peloche por el comportamiento mod\u00e9lico que han tenido durante el tiempo de confinamiento. Ha puesto de manifiesto que desde la administraci\u00f3n local, se suspendieron todas las actividades organizadas por el Ayuntamiento y ha dado cuenta de todas las medidas que se han ido tomando en todo este tiempo, siempre como fin \u00faltimo proteger a la poblaci\u00f3n de esta pandemia.<br \/>\nDio tambi\u00e9n las gracias a todos los profesionales, t\u00e9cnicos, educadoras, profesores de la Escuela Municipal de M\u00fasica, as\u00ed como a los dinamizadores deportivos, a la Polic\u00eda, Guardia Civil y Bomberos, as\u00ed como a todos los trabajadores que han contribuido para que todo, desde forma telem\u00e1tica, siguiera su ritmo.<\/p>\n<p>Algunas de las decisiones importantes que destac\u00f3 el Alcalde que se han tomado en este tiempo es la suspensi\u00f3n del cobro de las tasas municipales de las Escuelas Municipales Deportivas, de la Escuela Municipal de M\u00fasica, del Centro de Educaci\u00f3n Infantil, mientras que los alumnos de todos estos servicios municipales siguen percibiendo clases de forma telem\u00e1tica. Al mismo tiempo tambi\u00e9n se suspendieron el cobro de las tasas de las terrazas y el mercadillo hasta dure el Estado de Alarma.<\/p>\n<p>Resalt\u00f3 que las actividades que estaban programadas para estos d\u00edas de confinamiento, como la XIII Ruta de la Tapa y de la Feria Ganadera, l\u00f3gicamente se han suspendido pero esa actividad se ha trasladado a las redes sociales, haciendo esas actividades desde de forma on line.<\/p>\n<p>Agradeci\u00f3 al mismo tiempo el gesto solidario de empresas, asociaciones y particulares que han donado mascarillas, batas, agua, y ha destacado la generosidad de un particular que ha donado 4000 euros que se ha destinado a la compra de 14000 mascarillas para todos los ciudadanos que las necesiten.<br \/>\nExplic\u00f3 que adem\u00e1s de la Agenda Cultural que se viene realizando desde el inicio del confinamiento, en Semana Santa se realiz\u00f3 una especial, en el que se hicieron algunas actividades y retransmisiones a trav\u00e9s de las redes sociales y que personas como el conocido cocinero Antonio Granero y la Cantaora Celia Romero participasen en la programaci\u00f3n cultural.<br \/>\nEl regidor municipal anunci\u00f3 que dentro de la Agenda Cultural se est\u00e1 preparando actividades para poder disfrutar de la Feria Ganadera, a trav\u00e9s de las redes sociales, potenciando nuestro cordero y nuestros comercios locales.<br \/>\nPara concluir el alcalde, Saturnino Alc\u00e1zar, volvi\u00f3 a agradecer a los ciudadanos su comportamiento y reconoci\u00f3 que no nos relajemos con respecto a las medidas sanitarias que debemos de seguir como el distanciamiento social, y anunci\u00f3 medidas que se pondr\u00e1n en marcha para los empresarios, aut\u00f3nomos y ciudadanos en general, ya que seg\u00fan el primer edil deben de ser las administraciones las que hagan una apuesta por los ciudadanos y no a costa de ellos. Ha puesto en valor el comportamiento de la oposici\u00f3n a trav\u00e9s de la figura de su portavoz, Choni Hern\u00e1ndez en la que agradecido su apoyo a la instituci\u00f3n.<\/p>\n","protected":false},"excerpt":{"rendered":"<p>Consulta el resumen del pleno en sesi&oacute;n ordinaria del jueves 7 de mayo<\/p>\n","protected":false},"author":1,"featured_media":5651769,"comment_status":"closed","ping_status":"closed","sticky":false,"template":"","format":"standard","meta":[],"categories":[19],"tags":[],"_links":{"self":[{"href":"https:\/\/www.herreradelduque.com\/en\/wp-json\/wp\/v2\/posts\/5651768"}],"collection":[{"href":"https:\/\/www.herreradelduque.com\/en\/wp-json\/wp\/v2\/posts"}],"about":[{"href":"https:\/\/www.herreradelduque.com\/en\/wp-json\/wp\/v2\/types\/post"}],"author":[{"embeddable":true,"href":"https:\/\/www.herreradelduque.com\/en\/wp-json\/wp\/v2\/users\/1"}],"replies":[{"embeddable":true,"href":"https:\/\/www.herreradelduque.com\/en\/wp-json\/wp\/v2\/comments?post=5651768"}],"version-history":[{"count":1,"href":"https:\/\/www.herreradelduque.com\/en\/wp-json\/wp\/v2\/posts\/5651768\/revisions"}],"predecessor-version":[{"id":5651771,"href":"https:\/\/www.herreradelduque.com\/en\/wp-json\/wp\/v2\/posts\/5651768\/revisions\/5651771"}],"wp:featuredmedia":[{"embeddable":true,"href":"https:\/\/www.herreradelduque.com\/en\/wp-json\/wp\/v2\/media\/5651769"}],"wp:attachment":[{"href":"https:\/\/www.herreradelduque.com\/en\/wp-json\/wp\/v2\/media?parent=5651768"}],"wp:term":[{"taxonomy":"category","embeddable":true,"href":"https:\/\/www.herreradelduque.com\/en\/wp-json\/wp\/v2\/categories?post=5651768"},{"taxonomy":"post_tag","embeddable":true,"href":"https:\/\/www.herreradelduque.com\/en\/wp-json\/wp\/v2\/tags?post=5651768"}],"curies":[{"name":"wp","href":"https:\/\/api.w.org\/{rel}","templated":true}]}}