{"id":5651862,"date":"2020-06-07T07:37:17","date_gmt":"2020-06-07T07:37:17","guid":{"rendered":"https:\/\/www.herreradelduque.com\/?p=5651862"},"modified":"2020-06-08T07:41:20","modified_gmt":"2020-06-08T07:41:20","slug":"bando-fase-3-desescalada","status":"publish","type":"post","link":"https:\/\/www.herreradelduque.com\/en\/bando-fase-3-desescalada\/","title":{"rendered":"Bando sobre la entrada en Fase 3"},"content":{"rendered":"<p>Consulta el bando para saber qu\u00e9 se puede hacer en la fase 3 de la desescalada<!--more--><\/p>\n<p><span style=\"font-weight: 400;\">Saturnino Alc\u00e1zar Vaquerizo, Alcalde-Presidente del Ayuntamiento de Herrera del Duque, por el presente,\u00a0<\/span><\/p>\n<p><b>BANDO<\/b><\/p>\n<p><span style=\"font-weight: 400;\">Se pone en conocimiento de todos los vecinos y vecinas que considerando lo dispuesto en el Plan para la transici\u00f3n hacia una nueva normalidad aprobado por el Consejo de Ministros el 28 de abril de 2020, y estableci\u00e9ndose a partir del lunes 8 de junio la 3\u00aa Fase de dicho Plan en el que se encuentra incluido nuestro municipio:<\/span><\/p>\n<p><b>PRIMERO<\/b><span style=\"font-weight: 400;\">. &#8211; Se ampl\u00eda el decreto de Alcald\u00eda de fecha 23 de mayo de 2020, en los siguientes t\u00e9rminos:<\/span><\/p>\n<p><span style=\"font-weight: 400;\">1.1\u00a0\u00a0Cementerio Municipal.- La participaci\u00f3n en la comitiva para el enterramiento se restringe a un m\u00e1ximo de cincuenta personas, entre familiares y allegados, adem\u00e1s de, en su caso, el ministro de culto.\u00a0<\/span><\/p>\n<p><span style=\"font-weight: 400;\">1.2\u00a0\u00a0Bibliotecas Municipales (Palacio de la Cultura y Peloche)<\/span><\/p>\n<p><span style=\"font-weight: 400;\">&#8211;\u00a0Podr\u00e1n realizarse actividades culturales en las bibliotecas, siempre que no se supere el cincuenta por ciento del aforo autorizado.<\/span><\/p>\n<p><span style=\"font-weight: 400;\">&#8211;\u00a0Podr\u00e1 permitirse el estudio en sala, siempre que se den las condiciones necesarias seg\u00fan la direcci\u00f3n de la biblioteca, y no se supere el cincuenta por ciento del aforo autorizado.\u00a0<\/span><\/p>\n<p><span style=\"font-weight: 400;\">&#8211;\u00a0Las bibliotecas podr\u00e1n seguir prestando los servicios establecidos en la Orden SND\/399\/2020, de 9 de mayo, y en la Orden SND\/414\/2020, de 16 de mayo, increment\u00e1ndose el aforo m\u00e1ximo permitido hasta el cincuenta por ciento.<\/span><\/p>\n<p><span style=\"font-weight: 400;\">&#8211; La Biblioteca Municipal de Peloche, podr\u00e1 realizar dichas actividades, siempre previa cita.<\/span><\/p>\n<p><span style=\"font-weight: 400;\">1.3\u00a0\u00a0Mercadillo.- En el caso de los mercados que desarrollan su actividad en la v\u00eda p\u00fablica al aire, se garantizar\u00e1 la limitaci\u00f3n a la mitad de los puestos habituales o autorizados, limitando la afluencia de clientes de manera que se asegure el mantenimiento de la distancia social de dos metros. El Ayuntamiento podr\u00e1 priorizar aquellos que comercializan productos alimentarios y de primera necesidad, asegurando que no se manipulen los productos comercializados en los mismos por parte de los consumidores. El Ayuntamiento establecer\u00e1 requisitos de distanciamiento entre puestos y condiciones de delimitaci\u00f3n del mercado con el objetivo de garantizar la seguridad y distancia entre trabajadores, clientes y viandantes.<\/span><\/p>\n<p><b>SEGUNDO<\/b><span style=\"font-weight: 400;\">-. Condiciones en que debe desarrollarse la actividad de visita a monumentos y otros equipamientos culturales por la Oficina de Turismo de Herrera del Duque. Ser\u00e1n accesibles para el p\u00fablico siempre que las visitas no superen la mitad del aforo autorizado. En ning\u00fan caso podr\u00e1n desarrollarse en ellos otras actividades culturales distintas de las visitas.\u00a0<\/span><\/p>\n<p><span style=\"font-weight: 400;\">TERCERO.- Actividad a desarrollar en el Palacio de la Cultura, as\u00ed como de los recintos al aire libre y de otros locales y establecimientos destinados a actos y espect\u00e1culos culturales.<\/span><\/p>\n<p><span style=\"font-weight: 400;\">Todos los cines, teatros, auditorios, circos de carpa y espacios similares de espect\u00e1culos podr\u00e1n desarrollar su actividad siempre que cuenten con butacas pre-asignadas y no superen la mitad del aforo autorizado en cada sala.<\/span><\/p>\n<p><span style=\"font-weight: 400;\">&#8211; En el caso de locales y establecimientos distintos de los previstos en los apartados anteriores, destinados a actos y espect\u00e1culos culturales, la reanudaci\u00f3n de la actividad se sujetar\u00e1 a los siguientes requisitos:<\/span><\/p>\n<ol>\n<li><span style=\"font-weight: 400;\">a) Si se celebra en lugares cerrados, no podr\u00e1 superarse el cincuenta por ciento del aforo autorizado, ni reunir m\u00e1s de ochenta personas<\/span><\/li>\n<li><span style=\"font-weight: 400;\">b) Trat\u00e1ndose de actividades al aire libre, el p\u00fablico deber\u00e1 permanecer sentado, guardando la distancia necesaria y no podr\u00e1 superarse el cincuenta por ciento del aforo autorizado, ni reunir m\u00e1s de ochocientas personas.<\/span><\/li>\n<\/ol>\n<p><b>CUARTO<\/b><span style=\"font-weight: 400;\">. \u2013Terrazas instaladas en la V\u00eda P\u00fablica, autorizadas por el Ayuntamiento.<\/span><\/p>\n<p><span style=\"font-weight: 400;\">Podr\u00e1 procederse a la apertura al p\u00fablico de las terrazas al aire libre de los establecimientos de hosteler\u00eda y restauraci\u00f3n limit\u00e1ndose el aforo al setenta y cinco por ciento de las mesas permitidas en el a\u00f1o inmediatamente anterior en base a la correspondiente licencia municipal.<\/span><\/p>\n<p><b>QUINTO<\/b><span style=\"font-weight: 400;\">. &#8211; Instalaciones Deportivas de propiedad Municipal, abiertas por Decreto de Alcald\u00eda de fecha 23 de mayo de 2020, Se a\u00f1ade, a lo previsto en el Decreto de 23 de mayo, lo siguiente:<\/span><\/p>\n<p><span style=\"font-weight: 400;\">En las instalaciones deportivas al aire libre a las que se refiere el art\u00edculo 41 de la Orden SND\/399\/2020, de 9 de mayo (instalaciones deportivas al aire libre), se podr\u00e1 realizar actividad deportiva en grupos de hasta veinte personas, sin contacto f\u00edsico, y siempre que no se supere el cincuenta por ciento del aforo m\u00e1ximo permitido. \u00a0No ser\u00e1 necesaria la concertaci\u00f3n de cita previa para la realizaci\u00f3n de las actividades deportivas en las instalaciones y centros a las que se refiere el art\u00edculo 33 de la Orden SND\/458\/2020, de 30 de mayo (instalaciones al aire libre, cerradas y centros deportivos). Queda permitida la utilizaci\u00f3n de los vestuarios y zonas de duchas. A tal efecto, se estar\u00e1 a lo dispuesto en el art\u00edculo 6.5. de la Orden SND\/458\/2020, de 30 de mayo.<\/span><\/p>\n<p><b>SEXTO<\/b><span style=\"font-weight: 400;\">.- Cada una de las medidas contenidas en el presente Bando deber\u00e1n respetar las medidas de seguridad e higiene establecidas por las autoridades sanitarias para la prevenci\u00f3n del COVID-19, relativas al uso obligatorio de mascarillas en lugares p\u00fablicos cuando no se pueda mantener la distancia m\u00ednima de seguridad de dos metros, higiene de manos y etiqueta respiratoria.<\/span><\/p>\n<p><b>En Herrera del Duque, a\u00a0 7 de junio de 2.020<\/b><\/p>\n<p><b>El Alcalde- Presidente,<\/b><\/p>\n<p><b>Saturnino Alc\u00e1zar Vaquerizo<\/b><\/p>\n","protected":false},"excerpt":{"rendered":"<p>Consulta el bando para saber qu&eacute; se puede hacer en la fase 3 de&#8230;<\/p>\n","protected":false},"author":1,"featured_media":5651863,"comment_status":"closed","ping_status":"closed","sticky":false,"template":"","format":"standard","meta":[],"categories":[106],"tags":[],"_links":{"self":[{"href":"https:\/\/www.herreradelduque.com\/en\/wp-json\/wp\/v2\/posts\/5651862"}],"collection":[{"href":"https:\/\/www.herreradelduque.com\/en\/wp-json\/wp\/v2\/posts"}],"about":[{"href":"https:\/\/www.herreradelduque.com\/en\/wp-json\/wp\/v2\/types\/post"}],"author":[{"embeddable":true,"href":"https:\/\/www.herreradelduque.com\/en\/wp-json\/wp\/v2\/users\/1"}],"replies":[{"embeddable":true,"href":"https:\/\/www.herreradelduque.com\/en\/wp-json\/wp\/v2\/comments?post=5651862"}],"version-history":[{"count":4,"href":"https:\/\/www.herreradelduque.com\/en\/wp-json\/wp\/v2\/posts\/5651862\/revisions"}],"predecessor-version":[{"id":5651868,"href":"https:\/\/www.herreradelduque.com\/en\/wp-json\/wp\/v2\/posts\/5651862\/revisions\/5651868"}],"wp:featuredmedia":[{"embeddable":true,"href":"https:\/\/www.herreradelduque.com\/en\/wp-json\/wp\/v2\/media\/5651863"}],"wp:attachment":[{"href":"https:\/\/www.herreradelduque.com\/en\/wp-json\/wp\/v2\/media?parent=5651862"}],"wp:term":[{"taxonomy":"category","embeddable":true,"href":"https:\/\/www.herreradelduque.com\/en\/wp-json\/wp\/v2\/categories?post=5651862"},{"taxonomy":"post_tag","embeddable":true,"href":"https:\/\/www.herreradelduque.com\/en\/wp-json\/wp\/v2\/tags?post=5651862"}],"curies":[{"name":"wp","href":"https:\/\/api.w.org\/{rel}","templated":true}]}}