{"id":5664560,"date":"2020-08-26T16:31:45","date_gmt":"2020-08-26T16:31:45","guid":{"rendered":"https:\/\/www.herreradelduque.com\/?p=5664560"},"modified":"2020-08-26T16:31:45","modified_gmt":"2020-08-26T16:31:45","slug":"agrupacion-voluntariado-y-emergencias","status":"publish","type":"post","link":"https:\/\/www.herreradelduque.com\/en\/agrupacion-voluntariado-y-emergencias\/","title":{"rendered":"Agrupaci\u00f3n Voluntariado y Emergencias"},"content":{"rendered":"<p>Consulta el bando sobre la agrupaci\u00f3n local voluntariado de protecci\u00f3n civil y emergencias<!--more--><\/p>\n<p><strong><u>Constituci\u00f3n agrupaci\u00f3n local voluntariado protecci\u00f3n civil y emergencias, en Herrera del Duque.<\/u><\/strong><\/p>\n<p><strong><u>Objeto: <\/u><\/strong><\/p>\n<p>Constituci\u00f3n de una agrupaci\u00f3n local de voluntariado de protecci\u00f3n civil en Herrera del Duque.<\/p>\n<p><strong><u>Funciones:<\/u><\/strong><\/p>\n<p>Actividades de inter\u00e9s general desarrolladas por personas f\u00edsicas, con intenci\u00f3n de colaborar libre y desinteresadamente con los poderes p\u00fablicos en tareas de protecci\u00f3n civil y emergencias, siendo la actividad principal la prevenci\u00f3n en actividades p\u00fablicas y colaboraci\u00f3n con los servicios operativos en la protecci\u00f3n y socorro de personas y bienes en situaciones de riesgo, emergencia o cat\u00e1strofe.<\/p>\n<p><strong><u>Requisitos:<\/u><\/strong><\/p>\n<p>A) tener dieciocho a\u00f1os cumplidos en el momento de su incorporaci\u00f3n a la agrupaci\u00f3n. Los menores de edad podr\u00e1n tener la condici\u00f3n de voluntarios en pr\u00e1cticas siempre que se respete su inter\u00e9s superior y se cumplan los siguientes requisitos:<\/p>\n<ol>\n<li>Los mayores de 16 y menores de 18 a\u00f1os deber\u00e1n contar con el consentimiento de sus progenitores, tutores o representantes legales.<\/li>\n<li>\u00a0Los menores de 16 a\u00f1os y mayores de 12 podr\u00e1n llevar a cabo acciones de colaboraci\u00f3n con el voluntariado si cuentan con la autorizaci\u00f3n expresa de sus progenitores, tutores o representantes legales en la que se valorar\u00e1 si aquellas perjudican o no su desarrollo y formaci\u00f3n integral.<\/li>\n<\/ol>\n<p>B) tener una formaci\u00f3n acad\u00e9mica m\u00ednima de educaci\u00f3n primaria.<\/p>\n<p>C) no padecer enfermedad, ni defecto f\u00edsico, ps\u00edquico o sensorial que impida ejercer normalmente las funciones propias de su destino o puesto espec\u00edfico. En caso de voluntarios mayores, con discapacidad o en situaci\u00f3n de dependencia, el consentimiento para su incorporaci\u00f3n, la informaci\u00f3n y formaci\u00f3n y las actividades que se le encomienden, se deber\u00e1n llevar a cabo en formatos adecuados y de acuerdo con sus capacidades y circunstancias personales, siguiendo las pautas de marcadas con los principios de accesibilidad universal y dise\u00f1o para todos, de manera que les resulten accesibles, usables y comprensibles.<\/p>\n<p>D) no tener antecedentes penales no cancelados por delitos de violencia dom\u00e9stica o de g\u00e9nero, por atentar contra la vida, la integridad f\u00edsica, la libertad, la integridad moral o la libertad e indemnidad sexual del otro c\u00f3nyuge o de los hijos, o por delitos de tr\u00e1fico ilegal o inmigraci\u00f3n clandestina de personas.<\/p>\n<p>E) superar el per\u00edodo de formaci\u00f3n b\u00e1sica, que se impartir\u00e1 sobre los conocimientos relacionados con las funciones de voluntario de protecci\u00f3n civil y los planes de protecci\u00f3n civil en vigor en el \u00e1mbito de la comunidad aut\u00f3noma de Extremadura y consistir\u00e1 en una formaci\u00f3n te\u00f3rico-pr\u00e1ctica cuya duraci\u00f3n y contenidos ser\u00e1n fijados por el ayuntamiento de Herrera del Duque y para la que se podr\u00e1n suscribir acuerdos de colaboraci\u00f3n con otros servicios del ayuntamiento de Herrera del Duque, as\u00ed como con entidades p\u00fablicas o privadas.<\/p>\n<p><strong><u>Plazo\u00a0 y lugar de inscripci\u00f3n:<\/u><\/strong><\/p>\n<p>Hasta el 2 de septiembre de 2020, en el ayuntamiento.<\/p>\n","protected":false},"excerpt":{"rendered":"<p>Consulta el bando sobre la agrupaci&oacute;n local voluntariado de protecci&oacute;n civil y emergencias<\/p>\n","protected":false},"author":1,"featured_media":5664561,"comment_status":"closed","ping_status":"closed","sticky":false,"template":"","format":"standard","meta":[],"categories":[106],"tags":[],"_links":{"self":[{"href":"https:\/\/www.herreradelduque.com\/en\/wp-json\/wp\/v2\/posts\/5664560"}],"collection":[{"href":"https:\/\/www.herreradelduque.com\/en\/wp-json\/wp\/v2\/posts"}],"about":[{"href":"https:\/\/www.herreradelduque.com\/en\/wp-json\/wp\/v2\/types\/post"}],"author":[{"embeddable":true,"href":"https:\/\/www.herreradelduque.com\/en\/wp-json\/wp\/v2\/users\/1"}],"replies":[{"embeddable":true,"href":"https:\/\/www.herreradelduque.com\/en\/wp-json\/wp\/v2\/comments?post=5664560"}],"version-history":[{"count":1,"href":"https:\/\/www.herreradelduque.com\/en\/wp-json\/wp\/v2\/posts\/5664560\/revisions"}],"predecessor-version":[{"id":5664563,"href":"https:\/\/www.herreradelduque.com\/en\/wp-json\/wp\/v2\/posts\/5664560\/revisions\/5664563"}],"wp:featuredmedia":[{"embeddable":true,"href":"https:\/\/www.herreradelduque.com\/en\/wp-json\/wp\/v2\/media\/5664561"}],"wp:attachment":[{"href":"https:\/\/www.herreradelduque.com\/en\/wp-json\/wp\/v2\/media?parent=5664560"}],"wp:term":[{"taxonomy":"category","embeddable":true,"href":"https:\/\/www.herreradelduque.com\/en\/wp-json\/wp\/v2\/categories?post=5664560"},{"taxonomy":"post_tag","embeddable":true,"href":"https:\/\/www.herreradelduque.com\/en\/wp-json\/wp\/v2\/tags?post=5664560"}],"curies":[{"name":"wp","href":"https:\/\/api.w.org\/{rel}","templated":true}]}}