{"id":5665314,"date":"2020-10-19T18:41:27","date_gmt":"2020-10-19T16:41:27","guid":{"rendered":"https:\/\/www.herreradelduque.com\/?p=5665314"},"modified":"2020-10-19T18:41:27","modified_gmt":"2020-10-19T16:41:27","slug":"medidas-festividad-todos-santos","status":"publish","type":"post","link":"https:\/\/www.herreradelduque.com\/en\/medidas-festividad-todos-santos\/","title":{"rendered":"Medidas para la Festividad de Todos los Santos"},"content":{"rendered":"<p>Consulta el bando sobre las medidas que se adoptan para el puente del 1 de noviembre<!--more--><\/p>\n<p>Se pone en conocimiento de todos los vecinos y vecinas que con motivo de la festividad de Todos los Santos, se establece las siguientes medidas en los cementerios municipales de Herrera del Duque y Peloche, durante los d\u00edas, <strong>viernes 30 y s\u00e1bado 31 de octubre y domingo 1 y lunes 2 de noviembre<\/strong><\/p>\n<ul>\n<li>El horario de apertura al p\u00fablico durante los d\u00edas indicados ser\u00e1 de <strong>9:00 a 14:00h<\/strong> y de <strong>15:30 a 18:30h<\/strong>, permaneciendo cerrado fuera de ese horario.<\/li>\n<li>Los grupos de visita no deber\u00e1n superar las <strong>tres personas<\/strong> que, preferiblemente, formen parte del mismo grupo familiar o conviviente.<\/li>\n<li>Se deber\u00e1 permanecer en el cementerio el tiempo indispensable, no pudiendo superar los <strong>60 minutos, <\/strong><\/li>\n<li>Es obligatorio en todo momento el <strong>USO DE MASCARILLA<\/strong>, por lo que no est\u00e1 permitido, fumar, comer ni beber, a excepci\u00f3n de agua.<\/li>\n<li>Es obligatorio <strong>desinfectarse<\/strong> las manos con gel hidroalcoh\u00f3lico a la entrada y salida.<\/li>\n<li>Es obligatorio mantener la <strong style=\"font-size: 16px;\">distancia de seguridad<\/strong><span style=\"font-size: 16px;\">, evitando con ello el contacto f\u00edsico entre personas<\/span><\/li>\n<li>Se recomienda llevar a cabo las labores de limpieza y arreglo de sepulturas con antelaci\u00f3n, al objeto de evitar aglomeraciones en el recinto.<\/li>\n<li>Se sugiere a los visitantes que lleven sus propios recipientes de agua para rellenar los jarrones de flores de las tumbas o l\u00e1pidas para evitar, en la medida de lo posible, el uso de fuentes o puntos de agua.<\/li>\n<li>Es obligatorio, <strong>respetar las indicaciones del personal de control del Ayuntamiento, <\/strong>situados tanto en la entrada como en el interior del recinto, quienes velaran por el cumplimiento de las medidas establecidas por la seguridad de todos.<\/li>\n<li><strong><u>Celebraciones religiosas:<\/u><\/strong>El p\u00e1rroco D. Santiago G\u00f3mez Manzano informa que <strong>e<\/strong>l rosario del d\u00eda 1 y la misa del d\u00eda 2, que tradicionalmente tienen lugar en el cementerio, se celebrar\u00e1n en la Parroquia San Juan Bautista a las 16:00h y a las 17:00h en la Parroquia San Antonio Abad.<\/li>\n<\/ul>\n<p>&nbsp;<\/p>\n<p>En Herrera del Duque, a 19 de octubre de 2020.<\/p>\n<p>El Alcalde-Presidente<\/p>\n<p>Fdo.: Saturnino Alc\u00e1zar Vaquerizo.<\/p>\n","protected":false},"excerpt":{"rendered":"<p>Consulta el bando sobre las medidas que se adoptan para el puente del 1&#8230;<\/p>\n","protected":false},"author":1,"featured_media":5665315,"comment_status":"closed","ping_status":"closed","sticky":false,"template":"","format":"standard","meta":[],"categories":[14],"tags":[],"_links":{"self":[{"href":"https:\/\/www.herreradelduque.com\/en\/wp-json\/wp\/v2\/posts\/5665314"}],"collection":[{"href":"https:\/\/www.herreradelduque.com\/en\/wp-json\/wp\/v2\/posts"}],"about":[{"href":"https:\/\/www.herreradelduque.com\/en\/wp-json\/wp\/v2\/types\/post"}],"author":[{"embeddable":true,"href":"https:\/\/www.herreradelduque.com\/en\/wp-json\/wp\/v2\/users\/1"}],"replies":[{"embeddable":true,"href":"https:\/\/www.herreradelduque.com\/en\/wp-json\/wp\/v2\/comments?post=5665314"}],"version-history":[{"count":2,"href":"https:\/\/www.herreradelduque.com\/en\/wp-json\/wp\/v2\/posts\/5665314\/revisions"}],"predecessor-version":[{"id":5665318,"href":"https:\/\/www.herreradelduque.com\/en\/wp-json\/wp\/v2\/posts\/5665314\/revisions\/5665318"}],"wp:featuredmedia":[{"embeddable":true,"href":"https:\/\/www.herreradelduque.com\/en\/wp-json\/wp\/v2\/media\/5665315"}],"wp:attachment":[{"href":"https:\/\/www.herreradelduque.com\/en\/wp-json\/wp\/v2\/media?parent=5665314"}],"wp:term":[{"taxonomy":"category","embeddable":true,"href":"https:\/\/www.herreradelduque.com\/en\/wp-json\/wp\/v2\/categories?post=5665314"},{"taxonomy":"post_tag","embeddable":true,"href":"https:\/\/www.herreradelduque.com\/en\/wp-json\/wp\/v2\/tags?post=5665314"}],"curies":[{"name":"wp","href":"https:\/\/api.w.org\/{rel}","templated":true}]}}