{"id":5665372,"date":"2020-11-05T17:56:49","date_gmt":"2020-11-05T16:56:49","guid":{"rendered":"https:\/\/www.herreradelduque.com\/?p=5665372"},"modified":"2020-11-05T17:57:20","modified_gmt":"2020-11-05T16:57:20","slug":"cronica-pleno-5-noviembre","status":"publish","type":"post","link":"https:\/\/www.herreradelduque.com\/en\/cronica-pleno-5-noviembre\/","title":{"rendered":"Cr\u00f3nica del pleno del 5 de Noviembre"},"content":{"rendered":"<p>Esta ma\u00f1ana en nuestro Sal\u00f3n de Plenos ha tenido lugar la celebraci\u00f3n del Pleno Ordinario correspondiente al mes de octubre, en \u00e9l se han debatido asuntos de inter\u00e9s para los ciudadanos. Todos los puntos que se han debatido han contado con el apoyo un\u00e1nime de todos los miembros de la corporaci\u00f3n municipal.<\/p>\n<p>En el pleno se han debatido y se aprobado:<\/p>\n<p>Aprobaci\u00f3n inicial de la modificaci\u00f3n puntual 02 del Plan General de Ordenaci\u00f3n Urbana.- Son los tr\u00e1mites necesarios que afectan al planeamiento urban\u00edstico para que en un futuro se pueda ampliar el cementerio municipal de Herrera del Duque.<\/p>\n<p>Aprobaci\u00f3n inicial del Programa de Ejecuci\u00f3n para el desarrollo de la unidad de actuaci\u00f3n \u201cPERI-4\u201d de Herrera del Duque. \u2013 Con el fin de adecuar urban\u00edsticamente la zona de la Iglesia y la parte del Barruelo, y con objetivo de llevar a cabo el proyecto de acondicionamiento de esta zona tan emblem\u00e1tica y de conservaci\u00f3n del patrimonio. El alcalde, Saturnino Alc\u00e1zar, ha explicado que al mismo tiempo que se siguen las negociaciones con el Arzobispado de Toledo, y que van por buen camino, se inicia esta aprobaci\u00f3n inicial del desarrollo urban\u00edstico con el fin de agilizar los tiempos ya que este tipo de expedientes urban\u00edsticos requieren muchos tr\u00e1mites por parte de las distintas administraciones afectadas.<\/p>\n<p>Aprobaci\u00f3n de la reversi\u00f3n de solares en c\/ Virgen de Consolaci\u00f3n y Rodeo.- Revierten al Ayuntamiento solares que eran de su propiedad y que se adquirieron con un compromiso de construcci\u00f3n de primera vivienda y no se cumpli\u00f3, por lo que vuelve la propiedad a nuestro ayuntamiento, con el fin de ofertarlo de nuevo a otros ciudadanos para la construcci\u00f3n de VPO, y hacer de esta manera un buen uso de nuestro patrimonio municipal de forma responsable.<\/p>\n<p>Modificaci\u00f3n de la Catalogaci\u00f3n y de plantilla de puestos del Ayuntamiento de Herrera del Duque.- Debido a las actuales circunstancias se modifica la plantilla ampli\u00e1ndola a dos puestos para servicios de limpieza y t\u00e9cnico de mantenimiento.<\/p>\n<p>Declaraci\u00f3n Institucional con motivo del D\u00eda Internacional de la eliminaci\u00f3n de la violencia contra la mujer. \u2013 La concejala de la Mujer y servicios sociales, Mar\u00eda Ledesma ha le\u00eddo la declaraci\u00f3n institucional con motivo del 25 de noviembre, D\u00eda Internacional de la eliminaci\u00f3n de la Violencia contra la Mujer.<\/p>\n<p>Como asunto urgente, se ha aprobado la cesi\u00f3n de terrenos para la constituci\u00f3n de una Escuela de Pesca en nuestro municipio a instancia de la Consejer\u00eda de Agricultura de la Junta de Extremadura<\/p>\n<p>Con respecto a los ruegos y preguntas, la portavoz del PP, Choni Hern\u00e1ndez ha solicitado que parte del dinero que se destine a las luces navide\u00f1as, debido a la situaci\u00f3n en la que nos encontramos, se emplee en la compra de filtros para el colegio. El alcalde, Saturnino Alc\u00e1zar, ha reconocido que junto al Gobierno municipal se ha debatido sobre la conveniencia o no de poner luces de navidad, y han tomado la decisi\u00f3n de apostar como en otros a\u00f1os por la decoraci\u00f3n navide\u00f1a, ya que las luces de navidad es una inversi\u00f3n que repercute directamente en nuestros comerciantes y aut\u00f3nomos dentro del marco del Plan de Comercio que el consistorio ha puesto en marcha, argumentando al mismo tiempo que ya existen ayudas directas para nuestros comerciantes y emprendedores por parte de otras administraciones como es el caso de la Diputaci\u00f3n Provincial dentro del Plan Suma, de la propia Junta de Extremadura, as\u00ed como del propio Gobierno de Espa\u00f1a. El alcalde en su intervenci\u00f3n ha abogado por la ayuda entre todas las administraciones para que nuestros comerciantes y aut\u00f3nomos sufran esta situaci\u00f3n con el menor da\u00f1o posible.<\/p>\n<p>Informes y Decretos de Alcald\u00eda.- El alcalde, Saturnino Alc\u00e1zar ha centrado su informe de alcald\u00eda en este pleno ordinario en hablar de la situaci\u00f3n de la pandemia de COVID en nuestro municipio, con la limitaci\u00f3n de espacios que decret\u00f3 la semana pasada la Junta en nuestro municipio, y que puede prorrogarse 14 d\u00edas m\u00e1s o levantar la limitaci\u00f3n de los aforos si los datos de contagios son favorable. Ha hecho un llamamiento a la poblaci\u00f3n de Herrera del Duque y Peloche para que sigamos taxativamente las recomendaciones que se hacen por parte de las autoridades sanitarias. En estos momentos, a d\u00eda de ayer 4 de noviembre \u00a0en nuestro municipio se suman ya un total de 27 casos activos de COVID. Ha anunciado que hoy se publicar\u00e1n nuevas altas, por lo que se reducir\u00eda el n\u00famero de activos. No obstante la situaci\u00f3n no es para bajar la guardia y ha llamado especialmente la atenci\u00f3n sobre todo a las personas que no son responsables en sus comportamientos, ya que las negligencias de algunos hacen que otras personas que s\u00ed cumplen fielmente con las recomendaciones se vean perjudicadas.<\/p>\n<p>Al mismo tiempo ha concluido su intervenci\u00f3n en el pleno ordinario con un mensaje de \u00e1nimo para todas las personas enfermas de COVID, les ha deseado una pronta recuperaci\u00f3n as\u00ed como a los que tambi\u00e9n se encuentran aislados por el contacto estrecho del \u00faltimo positivo. Para finalizar, no ha querido dejar escapar la ocasi\u00f3n para enviar un mensaje de \u00e1nimo y de fuerza a nuestro vecino pueblo de Fuenlabrada de los Montes que actualmente pasa por una situaci\u00f3n muy complicada<\/p>\n","protected":false},"excerpt":{"rendered":"<p>Esta ma&ntilde;ana en nuestro Sal&oacute;n de Plenos ha tenido lugar la celebraci&oacute;n del Pleno&#8230;<\/p>\n","protected":false},"author":1,"featured_media":5665373,"comment_status":"closed","ping_status":"closed","sticky":false,"template":"","format":"standard","meta":[],"categories":[19],"tags":[],"_links":{"self":[{"href":"https:\/\/www.herreradelduque.com\/en\/wp-json\/wp\/v2\/posts\/5665372"}],"collection":[{"href":"https:\/\/www.herreradelduque.com\/en\/wp-json\/wp\/v2\/posts"}],"about":[{"href":"https:\/\/www.herreradelduque.com\/en\/wp-json\/wp\/v2\/types\/post"}],"author":[{"embeddable":true,"href":"https:\/\/www.herreradelduque.com\/en\/wp-json\/wp\/v2\/users\/1"}],"replies":[{"embeddable":true,"href":"https:\/\/www.herreradelduque.com\/en\/wp-json\/wp\/v2\/comments?post=5665372"}],"version-history":[{"count":2,"href":"https:\/\/www.herreradelduque.com\/en\/wp-json\/wp\/v2\/posts\/5665372\/revisions"}],"predecessor-version":[{"id":5665376,"href":"https:\/\/www.herreradelduque.com\/en\/wp-json\/wp\/v2\/posts\/5665372\/revisions\/5665376"}],"wp:featuredmedia":[{"embeddable":true,"href":"https:\/\/www.herreradelduque.com\/en\/wp-json\/wp\/v2\/media\/5665373"}],"wp:attachment":[{"href":"https:\/\/www.herreradelduque.com\/en\/wp-json\/wp\/v2\/media?parent=5665372"}],"wp:term":[{"taxonomy":"category","embeddable":true,"href":"https:\/\/www.herreradelduque.com\/en\/wp-json\/wp\/v2\/categories?post=5665372"},{"taxonomy":"post_tag","embeddable":true,"href":"https:\/\/www.herreradelduque.com\/en\/wp-json\/wp\/v2\/tags?post=5665372"}],"curies":[{"name":"wp","href":"https:\/\/api.w.org\/{rel}","templated":true}]}}