{"id":5665501,"date":"2020-11-17T13:35:20","date_gmt":"2020-11-17T12:35:20","guid":{"rendered":"https:\/\/www.herreradelduque.com\/?p=5665501"},"modified":"2020-11-17T13:35:20","modified_gmt":"2020-11-17T12:35:20","slug":"bases-ii-concurso-de-poesia-2020","status":"publish","type":"post","link":"https:\/\/www.herreradelduque.com\/en\/bases-ii-concurso-de-poesia-2020\/","title":{"rendered":"Bases II Concurso de Poes\u00eda 2020"},"content":{"rendered":"<p>Consulta las bases del concurso de poes\u00eda<!--more--><\/p>\n<p>A trav\u00e9s de las Concejal\u00edas de Cultura y de Igualdad del Ayuntamiento de Herrera del Duque, y en colaboraci\u00f3n con el \u00e1rea de trabajo social, y las asociaciones locales, convoca el<\/p>\n<p><strong><em>II CONCURSO DE POES\u00cdA CONTRA LA VIOLENCIA DE G\u00c9NERO.<\/em><\/strong><\/p>\n<p><strong>Primera<\/strong><\/p>\n<p>Podr\u00e1n participar todas aquellas personas mayores de edad y de cualquier nacionalidad que as\u00ed lo deseen, individualmente o de forma conjunta. En este \u00faltimo supuesto deber\u00e1n adjuntar todos los datos las personas que se presenten en esta modalidad dividi\u00e9ndose el premio entre todas ellas.<\/p>\n<p><strong>Segunda<\/strong><\/p>\n<p>Se aceptar\u00e1 cualquier t\u00e9cnica po\u00e9tica. Los poemas deber\u00e1n estar inspirados o de alguna forma motivados por el empoderamiento y\/o por la problem\u00e1tica de las violencias machistas.<\/p>\n<p>La informaci\u00f3n del Concurso est\u00e1 disponible en la p\u00e1gina web del ayuntamiento, <a href=\"https:\/\/www.herreradelduque.com\/\">https:\/\/www.herreradelduque.com\/<\/a> y nuestras redes sociales.<\/p>\n<p><strong>Tercera<\/strong><\/p>\n<p>La obra debe ser original e in\u00e9dita en toda su extensi\u00f3n, sin firma ni se\u00f1al alguna que revele su procedencia.<\/p>\n<p><strong>Cuarta<\/strong><\/p>\n<p>Las obras se presentar\u00e1n con una adecuada legibilidad, en manuscrito o en ordenador (en letra Times New Roman, y cuerpo 12). Sin limitaci\u00f3n m\u00ednima y con un m\u00e1ximo de tres p\u00e1ginas por obra.<\/p>\n<p><strong>Quinta<\/strong><\/p>\n<p>El plazo de recepci\u00f3n de obras terminar\u00e1 <strong>el 23 de noviembre, a las 14,00 horas.<\/strong><\/p>\n<p>La presentaci\u00f3n de dichos trabajos se realizar\u00e1 a trav\u00e9s de los siguientes medios:<\/p>\n<ol>\n<li><u>De forma presencial:<\/u> en la Biblioteca Municipal situada en el Palacio de Cultura, en horario de ma\u00f1ana de 10,00 a 14,00 horas y de tarde de 18,00 a 20,00 horas de lunes a viernes. A cada trabajo se le asignar\u00e1 un n\u00famero por orden de presentaci\u00f3n y se extender\u00e1 un resguardo para la persona interesada. Se presentar\u00e1n en un sobre cerrado, en cuyo exterior figurar\u00e1 el t\u00edtulo de la poes\u00eda; y en su interior una nota escrita a ordenador o rotulaci\u00f3n legible, indicando el nombre y apellidos de la persona o personas autoras de la obra.<\/li>\n<li><u>Por correo electr\u00f3nico:<\/u> Enviando un correo electr\u00f3nico a la direcci\u00f3n <a href=\"mailto:bibliotecaherrera171@gmail.com\">bibliotecaherrera171@gmail.com<\/a>, con el asunto <strong>II Concurso de Poes\u00eda<\/strong>. En este email se enviar\u00e1n el archivo adjunto en pdf. con los datos del participante, nombre y apellidos de la persona o personas autoras de la obra, direcci\u00f3n postal de referencia, correo electr\u00f3nico y n\u00famero de tel\u00e9fono. Ser\u00e1n admitidos los correos que reciban contestaci\u00f3n.<\/li>\n<\/ol>\n<p><strong>Sexta<\/strong><\/p>\n<p>El Jurado nombrado para este concurso estar\u00e1 formado por personas expertas en el mundo de la poes\u00eda y sensibilizadas con la problem\u00e1tica de la violencia de g\u00e9nero. El jurado no conocer\u00e1, en ning\u00fan caso, los nombres de los autores o autoras, tan solo el t\u00edtulo de la obra presentada. El jurado valorar\u00e1 la creatividad, la calidad art\u00edstica, la t\u00e9cnica y originalidad, as\u00ed como el mensaje transmitido, las relaciones de igualdad y contra las violencias machistas. El fallo del jurado ser\u00e1 inapelable y podr\u00e1 declarar desiertos los premios si no considera que alcanzan un m\u00ednimo exigible.<\/p>\n<p><strong>S\u00e9ptima<\/strong><\/p>\n<p>Se establecen los siguientes premios:<\/p>\n<p>Primer y \u00fanico premio, dotado con un lote de libros.<\/p>\n<p>Todas las personas participantes tendr\u00e1n un diploma de agradecimiento.<\/p>\n<p>Ning\u00fan autor o autora podr\u00e1 beneficiarse de m\u00e1s de un premio.<\/p>\n<p><strong>Octava<\/strong><\/p>\n<p>Las autoras y los autores de las obras seleccionadas ceder\u00e1n al Ayuntamiento, por un periodo de dos a\u00f1os los derechos sobre las mismas a efectos de exhibici\u00f3n p\u00fablica o reproducci\u00f3n en cualquier medio de la totalidad o parte de las obras participantes, lo cual se har\u00e1 siempre con el reconocimiento expreso de su condici\u00f3n de autor o autora, excepto manifestaci\u00f3n en contra. Los y las concursantes se responsabilizan totalmente de que no existan derechos a terceros en las obras presentadas, as\u00ed como de toda reclamaci\u00f3n por derechos de imagen o an\u00e1logos. Ser\u00e1 responsabilidad de los y las artistas cualquier reclamaci\u00f3n que pueda producirse en relaci\u00f3n con la autor\u00eda del trabajo o de su posible plagio.<\/p>\n<p><strong>Novena<\/strong><\/p>\n<p>La entrega de los premios se realizar\u00e1 dentro del programa de actividades organizadas con motivo del D\u00eda Internacional Contra la Violencia de G\u00e9nero, en el <strong>mes de noviembre de 2020, el d\u00eda 25 a las 17:30h<\/strong> en el Palacio de Cultura. Su difusi\u00f3n se realizar\u00e1 a trav\u00e9s de los distintos portales y medios de difusi\u00f3n municipales y colaboradoras del presente concurso. Y ser\u00e1n expuestas todas las poes\u00edas participantes en un panel en el Palacio de Cultura.<\/p>\n<p><strong>D\u00e9cima<\/strong><\/p>\n<p>Los trabajos entregados podr\u00e1n ser recogidos a partir del d\u00eda 1 de Diciembre de 2020.<\/p>\n<p><strong>Und\u00e9cima<\/strong><\/p>\n<p>La participaci\u00f3n en este concurso implica la aceptaci\u00f3n de todas sus bases.<\/p>\n<p><strong>Organiza:<\/strong>Ayuntamiento de Herrera del Duque.<\/p>\n<p><strong>Patrocina: <\/strong>\u00c1rea de Cultura de Diputaci\u00f3n de Badajoz.<\/p>\n<p>&nbsp;<\/p>\n<p>&nbsp;<\/p>\n<p>&nbsp;<\/p>\n","protected":false},"excerpt":{"rendered":"<p>Consulta las bases del concurso de poes&iacute;a<\/p>\n","protected":false},"author":1,"featured_media":5665502,"comment_status":"closed","ping_status":"closed","sticky":false,"template":"","format":"standard","meta":[],"categories":[9],"tags":[],"_links":{"self":[{"href":"https:\/\/www.herreradelduque.com\/en\/wp-json\/wp\/v2\/posts\/5665501"}],"collection":[{"href":"https:\/\/www.herreradelduque.com\/en\/wp-json\/wp\/v2\/posts"}],"about":[{"href":"https:\/\/www.herreradelduque.com\/en\/wp-json\/wp\/v2\/types\/post"}],"author":[{"embeddable":true,"href":"https:\/\/www.herreradelduque.com\/en\/wp-json\/wp\/v2\/users\/1"}],"replies":[{"embeddable":true,"href":"https:\/\/www.herreradelduque.com\/en\/wp-json\/wp\/v2\/comments?post=5665501"}],"version-history":[{"count":2,"href":"https:\/\/www.herreradelduque.com\/en\/wp-json\/wp\/v2\/posts\/5665501\/revisions"}],"predecessor-version":[{"id":5665505,"href":"https:\/\/www.herreradelduque.com\/en\/wp-json\/wp\/v2\/posts\/5665501\/revisions\/5665505"}],"wp:featuredmedia":[{"embeddable":true,"href":"https:\/\/www.herreradelduque.com\/en\/wp-json\/wp\/v2\/media\/5665502"}],"wp:attachment":[{"href":"https:\/\/www.herreradelduque.com\/en\/wp-json\/wp\/v2\/media?parent=5665501"}],"wp:term":[{"taxonomy":"category","embeddable":true,"href":"https:\/\/www.herreradelduque.com\/en\/wp-json\/wp\/v2\/categories?post=5665501"},{"taxonomy":"post_tag","embeddable":true,"href":"https:\/\/www.herreradelduque.com\/en\/wp-json\/wp\/v2\/tags?post=5665501"}],"curies":[{"name":"wp","href":"https:\/\/api.w.org\/{rel}","templated":true}]}}