{"id":5665535,"date":"2020-12-02T13:06:07","date_gmt":"2020-12-02T12:06:07","guid":{"rendered":"https:\/\/www.herreradelduque.com\/?p=5665535"},"modified":"2020-12-02T13:06:07","modified_gmt":"2020-12-02T12:06:07","slug":"bases-certamen-cuentos-navidenos","status":"publish","type":"post","link":"https:\/\/www.herreradelduque.com\/en\/bases-certamen-cuentos-navidenos\/","title":{"rendered":"Bases del certamen de cuentos navide\u00f1os"},"content":{"rendered":"<p>Consulta las bases de este concurso y participa.<!--more--><\/p>\n<p>Al objeto de contribuir a fomentar la creatividad, a ejercitar las habilidades de la lengua escrita, el dibujo, el h\u00e1bito lector y la participaci\u00f3n en actividades educativo-culturales y colectivas,<br \/>\nel Ayuntamiento de Herrera del Duque, dentro de su actividad de fomento cultural, convoca el VII<\/p>\n<p>CERTAMEN DE CUENTOS NAVIDE\u00d1OS 2020, de acuerdo con las siguientes:<\/p>\n<p><strong>BASES<br \/>\n<\/strong><br \/>\nPRIMERA. &#8211; Participantes y modalidades.<br \/>\nPodr\u00e1n participar en el concurso todos los ni\u00f1os y ni\u00f1as que lo deseen, en base a las<br \/>\nsiguientes modalidades:<br \/>\n1\u00ba y 2\u00ba de primaria<br \/>\n3\u00ba y 4\u00ba de primaria<br \/>\n5\u00ba y 6\u00ba de primaria<br \/>\nEl tema propuesto para el presente Certamen ser\u00e1: CUENTO DE NAVIDAD y podr\u00e1 ir acompa\u00f1ado de alguna ilustraci\u00f3n en cualquiera de sus modalidades.<\/p>\n<p><strong>SEGUNDA<\/strong>. &#8211; Caracter\u00edsticas de la obra<br \/>\nLos trabajos deber\u00e1n ser originales e in\u00e9ditos. Su presentaci\u00f3n deber\u00e1 atenerse a las siguientes caracter\u00edsticas:<\/p>\n<p>&#8211; Folio DIN A-4 blanco, a una sola cara. En el reverso deber\u00e1n aparecer los datos personales<br \/>\ndel autor\/a (nombre y apellidos, direcci\u00f3n y tel\u00e9fono de contacto.<\/p>\n<p>Dolo ser\u00e1 admitido un trabajo por autor\/a.<\/p>\n<p>&#8211; Deber\u00e1 entregarse en sobre cerrado, indicando en el mismo CERTAMEN DE CUENTOS NAVIDE\u00d1OS 2020 y el curso acad\u00e9mico al que pertenece el autor\/a.<br \/>\n&#8211; Su presentaci\u00f3n deber\u00e1 realizarse en la Biblioteca Municipal, del 11 al 15 de diciembre, de 18.00 a 20.00 horas.<br \/>\n&#8211; Todos los trabajos quedar\u00e1n en propiedad de la Biblioteca Municipal, que se reserva el derecho a su reproducci\u00f3n o difusi\u00f3n sin \u00e1nimo de lucro y sin que ello suponga o sean exigibles derechos de autor.<\/p>\n<p>Plaza de la Concordia, n\u00ba 1. C.P.: 06670. C.I.F.: P-0606300-B- ayuntamiento@herreradelduque.es<br \/>\nwww.herreradelduque.es<br \/>\nTel\u00e9fonos: 924 650006.<\/p>\n<p>C\u00f3d. Validaci\u00f3n: AHA47DQM7ZCS7FP5MRQ4QRY35 |<br \/>\nVerificaci\u00f3n: https:\/\/herreradelduque.sedelectronica.es\/<\/p>\n<p>Documento firmado electr\u00f3nicamente desde la plataforma esPublico Gestiona | P\u00e1gina 1 de 2<\/p>\n<p><strong>TERCERA<\/strong>. \u2013 Fallo del Jurado<br \/>\nEl jurado estar\u00e1 compuesto por miembros del Club de Lectura de Adultos de la Biblioteca Municipal. El nombre de los ganadores ser\u00e1 publicado en p\u00e1gina web y redes sociales del Ayuntamiento<br \/>\nde Herrera del Duque y en las librer\u00edas colaboradoras.<\/p>\n<p><strong>CUARTA<\/strong>. &#8211; Premios.<br \/>\nEl premio, en cada modalidad, consistir\u00e1 en un lote de material donado por las librer\u00edas colaboradoras en el Certamen. Los premios podr\u00edan quedar desiertos si, a juicio del jurado, las obras no presentasen la calidad necesaria.<\/p>\n<p><strong>QUINTA<\/strong>. &#8211; Aceptaci\u00f3n de las bases.<br \/>\nLa participaci\u00f3n en el Certamen supone la aceptaci\u00f3n de las presentes bases en su totalidad, por lo que las decisiones del jurado ser\u00e1n inapelables.<\/p>\n<p><strong>SEXTA<\/strong>. &#8211; Organizaci\u00f3n y patrocinio.<br \/>\nOrganiza. &#8211; Ayuntamiento de Herrera del Duque.<br \/>\nPatrocina. &#8211; Librer\u00eda Esfera e Imprenta Librer\u00eda Calero.<\/p>\n","protected":false},"excerpt":{"rendered":"<p>Consulta las bases de este concurso y participa.<\/p>\n","protected":false},"author":1,"featured_media":5665536,"comment_status":"closed","ping_status":"closed","sticky":false,"template":"","format":"standard","meta":[],"categories":[9],"tags":[],"_links":{"self":[{"href":"https:\/\/www.herreradelduque.com\/en\/wp-json\/wp\/v2\/posts\/5665535"}],"collection":[{"href":"https:\/\/www.herreradelduque.com\/en\/wp-json\/wp\/v2\/posts"}],"about":[{"href":"https:\/\/www.herreradelduque.com\/en\/wp-json\/wp\/v2\/types\/post"}],"author":[{"embeddable":true,"href":"https:\/\/www.herreradelduque.com\/en\/wp-json\/wp\/v2\/users\/1"}],"replies":[{"embeddable":true,"href":"https:\/\/www.herreradelduque.com\/en\/wp-json\/wp\/v2\/comments?post=5665535"}],"version-history":[{"count":1,"href":"https:\/\/www.herreradelduque.com\/en\/wp-json\/wp\/v2\/posts\/5665535\/revisions"}],"predecessor-version":[{"id":5665538,"href":"https:\/\/www.herreradelduque.com\/en\/wp-json\/wp\/v2\/posts\/5665535\/revisions\/5665538"}],"wp:featuredmedia":[{"embeddable":true,"href":"https:\/\/www.herreradelduque.com\/en\/wp-json\/wp\/v2\/media\/5665536"}],"wp:attachment":[{"href":"https:\/\/www.herreradelduque.com\/en\/wp-json\/wp\/v2\/media?parent=5665535"}],"wp:term":[{"taxonomy":"category","embeddable":true,"href":"https:\/\/www.herreradelduque.com\/en\/wp-json\/wp\/v2\/categories?post=5665535"},{"taxonomy":"post_tag","embeddable":true,"href":"https:\/\/www.herreradelduque.com\/en\/wp-json\/wp\/v2\/tags?post=5665535"}],"curies":[{"name":"wp","href":"https:\/\/api.w.org\/{rel}","templated":true}]}}