{"id":5666289,"date":"2021-01-09T20:36:36","date_gmt":"2021-01-09T19:36:36","guid":{"rendered":"https:\/\/www.herreradelduque.com\/?p=5666289"},"modified":"2021-01-09T20:36:36","modified_gmt":"2021-01-09T19:36:36","slug":"pcrs-lunes-11-de-enero-2021","status":"publish","type":"post","link":"https:\/\/www.herreradelduque.com\/en\/pcrs-lunes-11-de-enero-2021\/","title":{"rendered":"PCR&#8217;s lunes 11 de enero 2021"},"content":{"rendered":"<p>Las personas citadas para hacerse la PCR el lunes 11 de enero, deben acudir al recinto ferial. <!--more--><\/p>\n<p><span class=\"pq6dq46d tbxw36s4 knj5qynh kvgmc6g5 ditlmg2l oygrvhab nvdbi5me sf5mxxl7 gl3lb2sf hhz5lgdu\"><img loading=\"lazy\" src=\"https:\/\/static.xx.fbcdn.net\/images\/emoji.php\/v9\/t2d\/1\/16\/1f4cd.png\" alt=\"\ud83d\udccd\" width=\"16\" height=\"16\" \/><\/span>CAMBIO DE UBICACI\u00d3N DE LAS PCR DEL LUNES 11 DE ENERO DEL CENTRO DE SALUD AL RECINTO FERIAL<\/p>\n<div class=\"o9v6fnle cxmmr5t8 oygrvhab hcukyx3x c1et5uql ii04i59q\">\n<div dir=\"auto\"><span class=\"pq6dq46d tbxw36s4 knj5qynh kvgmc6g5 ditlmg2l oygrvhab nvdbi5me sf5mxxl7 gl3lb2sf hhz5lgdu\"><img loading=\"lazy\" src=\"https:\/\/static.xx.fbcdn.net\/images\/emoji.php\/v9\/tea\/1\/16\/1f469_200d_1f52c.png\" alt=\"\ud83d\udc69\u200d\ud83d\udd2c\" width=\"16\" height=\"16\" \/><\/span>Desde el Centro de Salud de Herrera del Duque nos informan que todas las personas que est\u00e1n CITADAS para el LUNES 11 de enero, a las 8.30 horas para hacerse la PCR DEBEN DESPLAZARSE al RECINTO FERIAL.<\/p>\n<\/div>\n<\/div>\n<div class=\"o9v6fnle cxmmr5t8 oygrvhab hcukyx3x c1et5uql ii04i59q\">\n<div dir=\"auto\"><span class=\"pq6dq46d tbxw36s4 knj5qynh kvgmc6g5 ditlmg2l oygrvhab nvdbi5me sf5mxxl7 gl3lb2sf hhz5lgdu\"><img loading=\"lazy\" src=\"https:\/\/static.xx.fbcdn.net\/images\/emoji.php\/v9\/t39\/1\/16\/2b55.png\" alt=\"\u2b55\" width=\"16\" height=\"16\" \/><\/span>El funcionamiento para la realizaci\u00f3n de la prueba es el MISMO que se ha seguido estos d\u00edas en el dispositivo de detecci\u00f3n masiva.<\/p>\n<\/div>\n<\/div>\n<div class=\"o9v6fnle cxmmr5t8 oygrvhab hcukyx3x c1et5uql ii04i59q\">\n<div dir=\"auto\"><span class=\"pq6dq46d tbxw36s4 knj5qynh kvgmc6g5 ditlmg2l oygrvhab nvdbi5me sf5mxxl7 gl3lb2sf hhz5lgdu\"><img loading=\"lazy\" src=\"https:\/\/static.xx.fbcdn.net\/images\/emoji.php\/v9\/t4b\/1\/16\/1f564.png\" alt=\"\ud83d\udd64\" width=\"16\" height=\"16\" \/><\/span>A partir de las 8.30 horas deben estar en el Recinto Ferial con el veh\u00edculo guardando cola tal y como se adjunta en el plano, respetando la entrada y salida.<\/div>\n<div dir=\"auto\"><\/div>\n<\/div>\n<div class=\"o9v6fnle cxmmr5t8 oygrvhab hcukyx3x c1et5uql ii04i59q\">\n<div dir=\"auto\"><img loading=\"lazy\" class=\"aligncenter size-full wp-image-5666290\" src=\"http:\/\/www.herreradelduque.com\/wp-content\/uploads\/2021\/01\/recinto-ferial-herrera.jpg\" alt=\"\" width=\"1080\" height=\"1080\" srcset=\"https:\/\/www.herreradelduque.com\/wp-content\/uploads\/2021\/01\/recinto-ferial-herrera.jpg 1080w, https:\/\/www.herreradelduque.com\/wp-content\/uploads\/2021\/01\/recinto-ferial-herrera-300x300.jpg 300w, https:\/\/www.herreradelduque.com\/wp-content\/uploads\/2021\/01\/recinto-ferial-herrera-1024x1024.jpg 1024w, https:\/\/www.herreradelduque.com\/wp-content\/uploads\/2021\/01\/recinto-ferial-herrera-150x150.jpg 150w, https:\/\/www.herreradelduque.com\/wp-content\/uploads\/2021\/01\/recinto-ferial-herrera-768x768.jpg 768w, https:\/\/www.herreradelduque.com\/wp-content\/uploads\/2021\/01\/recinto-ferial-herrera-200x200.jpg 200w, https:\/\/www.herreradelduque.com\/wp-content\/uploads\/2021\/01\/recinto-ferial-herrera-600x600.jpg 600w, https:\/\/www.herreradelduque.com\/wp-content\/uploads\/2021\/01\/recinto-ferial-herrera-100x100.jpg 100w\" sizes=\"(max-width: 1080px) 100vw, 1080px\" \/><\/div>\n<\/div>\n","protected":false},"excerpt":{"rendered":"<p>Las personas citadas para hacerse la PCR el lunes 11 de enero, deben acudir&#8230;<\/p>\n","protected":false},"author":1,"featured_media":5666292,"comment_status":"closed","ping_status":"closed","sticky":false,"template":"","format":"standard","meta":[],"categories":[14],"tags":[],"_links":{"self":[{"href":"https:\/\/www.herreradelduque.com\/en\/wp-json\/wp\/v2\/posts\/5666289"}],"collection":[{"href":"https:\/\/www.herreradelduque.com\/en\/wp-json\/wp\/v2\/posts"}],"about":[{"href":"https:\/\/www.herreradelduque.com\/en\/wp-json\/wp\/v2\/types\/post"}],"author":[{"embeddable":true,"href":"https:\/\/www.herreradelduque.com\/en\/wp-json\/wp\/v2\/users\/1"}],"replies":[{"embeddable":true,"href":"https:\/\/www.herreradelduque.com\/en\/wp-json\/wp\/v2\/comments?post=5666289"}],"version-history":[{"count":1,"href":"https:\/\/www.herreradelduque.com\/en\/wp-json\/wp\/v2\/posts\/5666289\/revisions"}],"predecessor-version":[{"id":5666294,"href":"https:\/\/www.herreradelduque.com\/en\/wp-json\/wp\/v2\/posts\/5666289\/revisions\/5666294"}],"wp:featuredmedia":[{"embeddable":true,"href":"https:\/\/www.herreradelduque.com\/en\/wp-json\/wp\/v2\/media\/5666292"}],"wp:attachment":[{"href":"https:\/\/www.herreradelduque.com\/en\/wp-json\/wp\/v2\/media?parent=5666289"}],"wp:term":[{"taxonomy":"category","embeddable":true,"href":"https:\/\/www.herreradelduque.com\/en\/wp-json\/wp\/v2\/categories?post=5666289"},{"taxonomy":"post_tag","embeddable":true,"href":"https:\/\/www.herreradelduque.com\/en\/wp-json\/wp\/v2\/tags?post=5666289"}],"curies":[{"name":"wp","href":"https:\/\/api.w.org\/{rel}","templated":true}]}}