{"id":5666324,"date":"2021-02-15T14:04:12","date_gmt":"2021-02-15T13:04:12","guid":{"rendered":"https:\/\/www.herreradelduque.com\/?p=5666324"},"modified":"2021-02-24T11:24:26","modified_gmt":"2021-02-24T10:24:26","slug":"ayudas-directas","status":"publish","type":"post","link":"https:\/\/www.herreradelduque.com\/en\/ayudas-directas\/","title":{"rendered":"Ayudas directas al comercio y la hosteler\u00eda"},"content":{"rendered":"<p>El Ayuntamiento de Herrera del Duque aprueba una partida de 15.000 euros para apoyar al peque\u00f1o comercio y la hosteler\u00eda.<!--more--><\/p>\n<p><strong>\u00a0<\/strong><\/p>\n<p>Esta ma\u00f1ana el alcalde de Herrera del Duque, Saturnino Alc\u00e1zar, ha presidido la Junta de Gobierno Local que ha aprobado el procedimiento mediante el cual destina ayudas econ\u00f3micas a fondo perdido para el peque\u00f1o comercio local y la hosteler\u00eda.<\/p>\n<p>Seg\u00fan el alcalde del municipio \u201ces fundamental que el Ayuntamiento, en este contexto, d\u00e9 prioridad absoluta en materia econ\u00f3mica con el fin de proteger, preservar y dar soporte al tejido productivo \u00a0para minimizar el impacto y lograr que, una vez finalizada la alarma sanitaria, se produzca lo antes posible un rebote en la actividad econ\u00f3mica.\u201d<\/p>\n<p>El primer edil, ha informado de la puesta en marcha de ayudas para el peque\u00f1o comercio y la hosteler\u00eda. Las ayudas puestas en marcha se han establecido de dos tipos: una primera de 300 \u20ac para todos aquellos establecimientos que cerraron su actividad de forma voluntaria antes del 20 de enero como consecuencia del brote declarado en el municipio, y otra de 200\u20ac establecimientos cerrados en aplicaci\u00f3n del\u00a0 \u00a0acuerdo del Consejo de Gobierno de la Junta de Extremadura de 20 de enero de 2021.<\/p>\n<p>Este tipo de ayudas vienen para paliar parte de las p\u00e9rdidas que los\u00a0 comercios y hosteleros han sufrido durante este tiempo desde que se declarase el brote en Herrera del Duque. El alcalde del municipio ha afirmado que tal y como se comprometi\u00f3 en su momento \u201charemos todo lo posible para no dejar atr\u00e1s a nadie\u201d, ya que estos d\u00edas con el cierre de los comercios y la hosteler\u00eda la econom\u00eda del municipio se ha resentido bastante.<\/p>\n<p>Para acogerse a las ayudas que ha aprobado el Ayuntamiento de Herrera del Duque esta ma\u00f1ana, los beneficiarios tienen diez (10) d\u00edas h\u00e1biles siguientes a la publicaci\u00f3n del extracto de la convocatoria en el Bolet\u00edn Oficial de la Provincia de Badajoz.<\/p>\n<p>Para finalizar el regidor municipal asegura que estas ayudas pretenden proteger el inter\u00e9s general del municipio dando soporte al tejido aut\u00f3nomo y empresarial de la misma para minimizar el impacto de las medidas administrativas adoptadas provocadas por el incremento de la incidencia acumulada y lograr que, una vez finalizada actual situaci\u00f3n, se produzca lo antes posible una reactivaci\u00f3n econ\u00f3mica, actuando directamente sobre las personas f\u00edsicas y jur\u00eddicas m\u00e1s afectadas, con el objetivo de mantener nuestro tejido aut\u00f3nomo, empresarial y la recuperaci\u00f3n del empleo.<\/p>\n<h1>DESCARGA DE DOCUMENTOS<\/h1>\n<p><strong>VER EL BOP<\/strong>: <a href=\"https:\/\/www.herreradelduque.com\/wp-content\/uploads\/2021\/02\/BOE-ayudas-comercio-herrera.pdf\" target=\"_blank\" rel=\"noopener noreferrer\">LINK DE DESCARGA<\/a><\/p>\n<p><strong>BASES DE LA CONVOCATORIA<\/strong>: <a href=\"https:\/\/www.herreradelduque.com\/wp-content\/uploads\/2021\/02\/bases-ayudas-herrera.pdf\" target=\"_blank\" rel=\"noopener noreferrer\">LINK DE DESCARGA<\/a><\/p>\n<p><strong>SOLICITUD DE AYUDAS<\/strong>: <a href=\"https:\/\/www.herreradelduque.com\/wp-content\/uploads\/2021\/02\/SOLICITUD-AYUDAS-Anexo1.pdf\" target=\"_blank\" rel=\"noopener noreferrer\">LINK DE DESCARGA<\/a><\/p>\n<p><strong>AUTORIZACI\u00d3N AL AYUNTAMIENTO:\u00a0<\/strong><a href=\"https:\/\/www.herreradelduque.com\/wp-content\/uploads\/2021\/02\/AUTORIZACI\u00d3N-AL-AYUNTAMIENTO-AYUDAS.pdf\" target=\"_blank\" rel=\"noopener noreferrer\">LINK DE DESCARGA<\/a><\/p>\n<p>&nbsp;<\/p>\n","protected":false},"excerpt":{"rendered":"<p>El Ayuntamiento de Herrera del Duque aprueba una partida de 15.000 euros para apoyar&#8230;<\/p>\n","protected":false},"author":1,"featured_media":5666325,"comment_status":"closed","ping_status":"closed","sticky":false,"template":"","format":"standard","meta":[],"categories":[11],"tags":[],"_links":{"self":[{"href":"https:\/\/www.herreradelduque.com\/en\/wp-json\/wp\/v2\/posts\/5666324"}],"collection":[{"href":"https:\/\/www.herreradelduque.com\/en\/wp-json\/wp\/v2\/posts"}],"about":[{"href":"https:\/\/www.herreradelduque.com\/en\/wp-json\/wp\/v2\/types\/post"}],"author":[{"embeddable":true,"href":"https:\/\/www.herreradelduque.com\/en\/wp-json\/wp\/v2\/users\/1"}],"replies":[{"embeddable":true,"href":"https:\/\/www.herreradelduque.com\/en\/wp-json\/wp\/v2\/comments?post=5666324"}],"version-history":[{"count":9,"href":"https:\/\/www.herreradelduque.com\/en\/wp-json\/wp\/v2\/posts\/5666324\/revisions"}],"predecessor-version":[{"id":5666375,"href":"https:\/\/www.herreradelduque.com\/en\/wp-json\/wp\/v2\/posts\/5666324\/revisions\/5666375"}],"wp:featuredmedia":[{"embeddable":true,"href":"https:\/\/www.herreradelduque.com\/en\/wp-json\/wp\/v2\/media\/5666325"}],"wp:attachment":[{"href":"https:\/\/www.herreradelduque.com\/en\/wp-json\/wp\/v2\/media?parent=5666324"}],"wp:term":[{"taxonomy":"category","embeddable":true,"href":"https:\/\/www.herreradelduque.com\/en\/wp-json\/wp\/v2\/categories?post=5666324"},{"taxonomy":"post_tag","embeddable":true,"href":"https:\/\/www.herreradelduque.com\/en\/wp-json\/wp\/v2\/tags?post=5666324"}],"curies":[{"name":"wp","href":"https:\/\/api.w.org\/{rel}","templated":true}]}}