{"id":5666707,"date":"2021-03-25T18:14:14","date_gmt":"2021-03-25T17:14:14","guid":{"rendered":"https:\/\/www.herreradelduque.com\/?p=5666707"},"modified":"2021-03-25T18:14:14","modified_gmt":"2021-03-25T17:14:14","slug":"cronica-pleno-25-030-2021","status":"publish","type":"post","link":"https:\/\/www.herreradelduque.com\/en\/cronica-pleno-25-030-2021\/","title":{"rendered":"Cr\u00f3nica del pleno del 25.030.2021"},"content":{"rendered":"<p>Conoce el resultado del pleno del 25 de marzo de 2021<!--more--><\/p>\n<p>En el Pleno celebrado en el d\u00eda de hoy, se ha dado cuenta de la liquidaci\u00f3n presupuestaria del Ejercicio 2020 que arroja una situaci\u00f3n de saneamiento econ\u00f3mico, ya que se ha liquidado el 82,7% del presupuesto 2020. Ha resultado una ejecuci\u00f3n de\u00a0 un 99.8% del Capitulo I que pertenece a personal, lo que supone un total de 2 millones \u20ac con el incremento de m\u00e1s de 500.000\u20ac. Cabe destacar un remanente de tesorer\u00eda que asciende a casi de 1,3 millones \u20ac y un ahorro de 900.000\u20ac, lo que permite tener una capacidad de financiaci\u00f3n. Teniendo en cuenta la dificultad econ\u00f3mica actual, no se ha dejado de prestar ning\u00fan servicio, sino que se han ampliado el presupuesto en empleo, y se ha seguido invirtiendo en infraestructuras como arreglo de calles, instalaciones deportivas y mejora de servicios. Con la liquidaci\u00f3n de este presupuesto se pone de manifiesto la solvencia econ\u00f3mica de nuestro Ayuntamiento.<\/p>\n<p>En palabras de nuestro alcalde, \u201ca pesar de las dificultades del a\u00f1o en el que se ha tenido que modificar el presupuesto inicial destinando m\u00e1s recursos\u00a0 a empleo obligado por los protocolos de cumplimiento de normas sanitarias. La liquidaci\u00f3n del presupuesto se ha cerrado de forma excelente, gracias a la buena labor del Equipo de Gobierno y tambi\u00e9n de los funcionarios, Secretar\u00eda-intervenci\u00f3n, t\u00e9cnicos y servicios de administraci\u00f3n.\u201d<\/p>\n<p>En el informe y decretos de alcald\u00eda, nuestro alcalde, Saturnino Alc\u00e1zar ha anunciado que se va a proceder a la reforma y mejora de la Residencia de Personas Mayores de \u201cLa Siberia\u201d por valor de un mill\u00f3n de euros por parte d la Junta de Extremadura. Esta inversi\u00f3n va a permitir seguir apostando por el bienestar de nuestros mayores mejorando su bienestar..<\/p>\n<p>El alcalde tambi\u00e9n ha recordado el encuentro con el Director de Telef\u00f3nica Extremadura, Guillermo Santamar\u00eda que visit\u00f3 nuestro municipio para la presentaci\u00f3n del proyecto Wifi-Eu, que ya est\u00e1 en marcha. Se trata de 10 puntos gratuitos y abiertos de red wifi, que coincide con los lugares m\u00e1s emblem\u00e1ticos. En este acto se presentan nata ven ele despliegue de red fibra \u00f3ptica en Peloche, el cual ya est\u00e1 en servicio, una noticia muy positiva pues los ciudadanos de Peloche disponen de las mismas posibilidades de\u00a0 conexi\u00f3n de banda ancha que\u00a0 cualquier ciudad de Espa\u00f1a.<\/p>\n<p>En informes de Alcald\u00eda\u00a0 el alcalde ha pedido que ante los d\u00edas que vienen de Semana Santa que seamos prudentes y respetuosos ante la situaci\u00f3n de pandemia, que cumplamos con las medidas que se han acordado por parte de las autoridades sanitarias, y que hagamos un \u00faltimo esfuerzo para poner encarar el verano con buenas expectativas ahora que se vislumbra un panorama mas esperanzador con la llegada de vacunas de una forma m\u00e1s r\u00e1pida que hasta ahora. De la responsabilidad de cada uno de nosotros depende, pues ya sabemos qu\u00e9 debemos y qu\u00e9 no debemos hacer.<\/p>\n<p>En otro orden de cosas, tambi\u00e9n se han tratado la modificaci\u00f3n de los festivos locales, as\u00ed como la declaraci\u00f3n institucional de la FEMP con motivo del 8 de marzo, d\u00eda de la Mujer.<\/p>\n","protected":false},"excerpt":{"rendered":"<p>Conoce el resultado del pleno del 25 de marzo de 2021<\/p>\n","protected":false},"author":1,"featured_media":5666708,"comment_status":"closed","ping_status":"closed","sticky":false,"template":"","format":"standard","meta":[],"categories":[19],"tags":[],"_links":{"self":[{"href":"https:\/\/www.herreradelduque.com\/en\/wp-json\/wp\/v2\/posts\/5666707"}],"collection":[{"href":"https:\/\/www.herreradelduque.com\/en\/wp-json\/wp\/v2\/posts"}],"about":[{"href":"https:\/\/www.herreradelduque.com\/en\/wp-json\/wp\/v2\/types\/post"}],"author":[{"embeddable":true,"href":"https:\/\/www.herreradelduque.com\/en\/wp-json\/wp\/v2\/users\/1"}],"replies":[{"embeddable":true,"href":"https:\/\/www.herreradelduque.com\/en\/wp-json\/wp\/v2\/comments?post=5666707"}],"version-history":[{"count":1,"href":"https:\/\/www.herreradelduque.com\/en\/wp-json\/wp\/v2\/posts\/5666707\/revisions"}],"predecessor-version":[{"id":5666710,"href":"https:\/\/www.herreradelduque.com\/en\/wp-json\/wp\/v2\/posts\/5666707\/revisions\/5666710"}],"wp:featuredmedia":[{"embeddable":true,"href":"https:\/\/www.herreradelduque.com\/en\/wp-json\/wp\/v2\/media\/5666708"}],"wp:attachment":[{"href":"https:\/\/www.herreradelduque.com\/en\/wp-json\/wp\/v2\/media?parent=5666707"}],"wp:term":[{"taxonomy":"category","embeddable":true,"href":"https:\/\/www.herreradelduque.com\/en\/wp-json\/wp\/v2\/categories?post=5666707"},{"taxonomy":"post_tag","embeddable":true,"href":"https:\/\/www.herreradelduque.com\/en\/wp-json\/wp\/v2\/tags?post=5666707"}],"curies":[{"name":"wp","href":"https:\/\/api.w.org\/{rel}","templated":true}]}}