{"id":5667877,"date":"2021-05-11T18:01:50","date_gmt":"2021-05-11T16:01:50","guid":{"rendered":"https:\/\/www.herreradelduque.com\/?p=5667877"},"modified":"2021-05-12T12:26:12","modified_gmt":"2021-05-12T10:26:12","slug":"plan-de-sostenibilidad-de-la-siberia","status":"publish","type":"post","link":"https:\/\/www.herreradelduque.com\/en\/plan-de-sostenibilidad-de-la-siberia\/","title":{"rendered":"Presentaci\u00f3n del Plan de Sostenibilidad de La Siberia"},"content":{"rendered":"<p><span style=\"font-weight: 400;\">Esta ma\u00f1ana en nuestro Palacio de Cultura ha tenido lugar la presentaci\u00f3n oficial del Plan de Sostenibilidad Tur\u00edstico de la Reserva de la Biosfera de La Siberia.\u00a0<\/span><!--more--><\/p>\n<p><span style=\"font-weight: 400;\">Nuestro alcalde, <\/span><span style=\"font-weight: 400;\">Saturnino Alc\u00e1zar Vaquerizo<\/span><span style=\"font-weight: 400;\"> ha agradecido el esfuerzo de las distintas administraciones y al Ceder La Siberia por este Plan de Dinamizaci\u00f3n que no va a hacer otra cosa que poner en valor el patrimonio natural, los recursos culturales, hist\u00f3ricos y art\u00edsticos, la belleza paisaj\u00edstica, la producci\u00f3n gastron\u00f3mica, la baja contaminaci\u00f3n lum\u00ednica del cielo y los kil\u00f3metros de costa interior con los que cuenta nuestra comarca, as\u00ed como el amplio y diverso conjunto de elementos con capacidad de convertirse en productos tur\u00edsticos.<\/span><\/p>\n<p><span style=\"font-weight: 400;\">En el acto han intervenido la jefa de la Oficina de Promoci\u00f3n Tur\u00edstica de la instituci\u00f3n provincial, Carolina Casado, que ha explicado el Plan de Sostenibilidad Tur\u00edstico de la Reserva de la Biosfera de La Siberia, que consiste en la inversi\u00f3n de 2,4 millones de euros para tres a\u00f1os. Esta inversi\u00f3n est\u00e1 financiada por el Gobierno de Espa\u00f1a un 40%, otro 40% por la Junta de Extremadura y un 20% por la Diputaci\u00f3n.<\/span><\/p>\n<p><span style=\"font-weight: 400;\">Adem\u00e1s tambi\u00e9n han intervenido <\/span><span style=\"font-weight: 400;\">Rosa Mar\u00eda Ara\u00fajo Cabello<\/span><span style=\"font-weight: 400;\">, Presidenta del CEDER La Siberia, la Consejera de Cultura, Turismo y Deportes de la Junta de Extremadura, Nuria Fuentes, el Presidente de la Diputaci\u00f3n de Badajoz, <\/span><span style=\"font-weight: 400;\">Miguel \u00c1ngel Gallardo Miranda<\/span><span style=\"font-weight: 400;\">, la Delegada del Gobierno en Extremadura, Yolanda Garc\u00eda Seco.<\/span><\/p>\n<p><span style=\"font-weight: 400;\">El acto ha estado amenizado por el grupo de c\u00e1mara de la Escuela Municipal de M\u00fasica de Herrera del Duque y de Fuenlabrada de los Montes, que ha interpretado una versi\u00f3n in\u00e9dita del \u201cFandango Extreme\u00f1o\u201d y de la \u201cJota de la Siberia\u201d.<\/span><\/p>\n","protected":false},"excerpt":{"rendered":"<p>Esta ma&ntilde;ana en nuestro Palacio de Cultura ha tenido lugar la presentaci&oacute;n oficial del&#8230;<\/p>\n","protected":false},"author":1,"featured_media":5667912,"comment_status":"closed","ping_status":"closed","sticky":false,"template":"","format":"standard","meta":[],"categories":[13],"tags":[],"_links":{"self":[{"href":"https:\/\/www.herreradelduque.com\/en\/wp-json\/wp\/v2\/posts\/5667877"}],"collection":[{"href":"https:\/\/www.herreradelduque.com\/en\/wp-json\/wp\/v2\/posts"}],"about":[{"href":"https:\/\/www.herreradelduque.com\/en\/wp-json\/wp\/v2\/types\/post"}],"author":[{"embeddable":true,"href":"https:\/\/www.herreradelduque.com\/en\/wp-json\/wp\/v2\/users\/1"}],"replies":[{"embeddable":true,"href":"https:\/\/www.herreradelduque.com\/en\/wp-json\/wp\/v2\/comments?post=5667877"}],"version-history":[{"count":1,"href":"https:\/\/www.herreradelduque.com\/en\/wp-json\/wp\/v2\/posts\/5667877\/revisions"}],"predecessor-version":[{"id":5667880,"href":"https:\/\/www.herreradelduque.com\/en\/wp-json\/wp\/v2\/posts\/5667877\/revisions\/5667880"}],"wp:featuredmedia":[{"embeddable":true,"href":"https:\/\/www.herreradelduque.com\/en\/wp-json\/wp\/v2\/media\/5667912"}],"wp:attachment":[{"href":"https:\/\/www.herreradelduque.com\/en\/wp-json\/wp\/v2\/media?parent=5667877"}],"wp:term":[{"taxonomy":"category","embeddable":true,"href":"https:\/\/www.herreradelduque.com\/en\/wp-json\/wp\/v2\/categories?post=5667877"},{"taxonomy":"post_tag","embeddable":true,"href":"https:\/\/www.herreradelduque.com\/en\/wp-json\/wp\/v2\/tags?post=5667877"}],"curies":[{"name":"wp","href":"https:\/\/api.w.org\/{rel}","templated":true}]}}