{"id":5668397,"date":"2021-06-02T10:14:31","date_gmt":"2021-06-02T08:14:31","guid":{"rendered":"https:\/\/www.herreradelduque.com\/?p=5668397"},"modified":"2021-06-04T12:31:10","modified_gmt":"2021-06-04T10:31:10","slug":"agenda-cultural-verano-2021","status":"publish","type":"post","link":"https:\/\/www.herreradelduque.com\/en\/agenda-cultural-verano-2021\/","title":{"rendered":"Agenda Cultural Verano 2021"},"content":{"rendered":"<p>Consulta el programa completo de la agenda cultural verano 2021<!--more--><\/p>\n<p>M\u00fasica, teatro, Literatura, cine, historia, formaci\u00f3n, talleres, campamentos y mucho m\u00e1s llenar\u00e1n nuestros d\u00edas y noches de un verano que se presenta cargado de actividades para todos los p\u00fablicos y todas las edades, para compartir con amigos o en familia, siempre cumpliendo con las m\u00e1s estrictas medidas de seguridad.<\/p>\n<p>\u00a1\u00a1 V\u00edvelo, disfr\u00fatalo y no te pierdas nada !!<\/p>\n<p>Cultura Segura para todos y todas.<\/p>\n<p><em><span style=\"text-decoration: underline;\"><strong>Descarga el programa<\/strong><\/span>: <a href=\"http:\/\/www.herreradelduque.com\/wp-content\/uploads\/2021\/06\/AGENDA-CULTUAL-CON-MODIFICACI\u00d3N_compressed.pdf\" target=\"_blank\" rel=\"noopener noreferrer\">haciendo clic aqu\u00ed<\/a><\/em><\/p>\n","protected":false},"excerpt":{"rendered":"<p>Consulta el programa completo de la agenda cultural verano 2021<\/p>\n","protected":false},"author":1,"featured_media":5668398,"comment_status":"closed","ping_status":"closed","sticky":false,"template":"","format":"standard","meta":[],"categories":[9],"tags":[],"_links":{"self":[{"href":"https:\/\/www.herreradelduque.com\/en\/wp-json\/wp\/v2\/posts\/5668397"}],"collection":[{"href":"https:\/\/www.herreradelduque.com\/en\/wp-json\/wp\/v2\/posts"}],"about":[{"href":"https:\/\/www.herreradelduque.com\/en\/wp-json\/wp\/v2\/types\/post"}],"author":[{"embeddable":true,"href":"https:\/\/www.herreradelduque.com\/en\/wp-json\/wp\/v2\/users\/1"}],"replies":[{"embeddable":true,"href":"https:\/\/www.herreradelduque.com\/en\/wp-json\/wp\/v2\/comments?post=5668397"}],"version-history":[{"count":4,"href":"https:\/\/www.herreradelduque.com\/en\/wp-json\/wp\/v2\/posts\/5668397\/revisions"}],"predecessor-version":[{"id":5668424,"href":"https:\/\/www.herreradelduque.com\/en\/wp-json\/wp\/v2\/posts\/5668397\/revisions\/5668424"}],"wp:featuredmedia":[{"embeddable":true,"href":"https:\/\/www.herreradelduque.com\/en\/wp-json\/wp\/v2\/media\/5668398"}],"wp:attachment":[{"href":"https:\/\/www.herreradelduque.com\/en\/wp-json\/wp\/v2\/media?parent=5668397"}],"wp:term":[{"taxonomy":"category","embeddable":true,"href":"https:\/\/www.herreradelduque.com\/en\/wp-json\/wp\/v2\/categories?post=5668397"},{"taxonomy":"post_tag","embeddable":true,"href":"https:\/\/www.herreradelduque.com\/en\/wp-json\/wp\/v2\/tags?post=5668397"}],"curies":[{"name":"wp","href":"https:\/\/api.w.org\/{rel}","templated":true}]}}