{"id":5673435,"date":"2021-07-27T12:43:28","date_gmt":"2021-07-27T10:43:28","guid":{"rendered":"https:\/\/www.herreradelduque.com\/?p=5673435"},"modified":"2021-07-27T12:57:45","modified_gmt":"2021-07-27T10:57:45","slug":"presentacion-voluntarios-proteccion-civil","status":"publish","type":"post","link":"https:\/\/www.herreradelduque.com\/en\/presentacion-voluntarios-proteccion-civil\/","title":{"rendered":"Presentaci\u00f3n de voluntarios de Protecci\u00f3n Civil"},"content":{"rendered":"<p>Presentada oficialmente la Agrupaci\u00f3n de Voluntarios de Protecci\u00f3n Civil de Herrera del Duque.<!--more--><\/p>\n<p>La Agrupaci\u00f3n de Voluntarios de Protecci\u00f3n Civil de nuestro municipio ya es una realidad, compartimos con vosotros la foto de familia y una de cada una de los miembros para que los conozc\u00e1is. Para nuestro alcalde, Saturnino Alc\u00e1zar Vaquerizo es una satisfacci\u00f3n presentar una Agrupaci\u00f3n de Protecci\u00f3n Civil de estas caracter\u00edsticas y agradece el compromiso y la vocaci\u00f3n de servicio de los miembros de ella, as\u00ed como el trabajo que vienen realizando.<\/p>\n<p><img loading=\"lazy\" class=\"aligncenter size-full wp-image-5673441\" src=\"http:\/\/www.herreradelduque.com\/wp-content\/uploads\/2021\/07\/proteccion-civil2.jpg\" alt=\"\" width=\"1200\" height=\"800\" srcset=\"https:\/\/www.herreradelduque.com\/wp-content\/uploads\/2021\/07\/proteccion-civil2.jpg 1200w, https:\/\/www.herreradelduque.com\/wp-content\/uploads\/2021\/07\/proteccion-civil2-300x200.jpg 300w, https:\/\/www.herreradelduque.com\/wp-content\/uploads\/2021\/07\/proteccion-civil2-1024x683.jpg 1024w, https:\/\/www.herreradelduque.com\/wp-content\/uploads\/2021\/07\/proteccion-civil2-768x512.jpg 768w, https:\/\/www.herreradelduque.com\/wp-content\/uploads\/2021\/07\/proteccion-civil2-600x400.jpg 600w\" sizes=\"(max-width: 1200px) 100vw, 1200px\" \/><\/p>\n<p>&nbsp;<\/p>\n<p><img loading=\"lazy\" class=\"aligncenter size-full wp-image-5673443\" src=\"http:\/\/www.herreradelduque.com\/wp-content\/uploads\/2021\/07\/proteccion-civil1.jpg\" alt=\"\" width=\"1200\" height=\"800\" srcset=\"https:\/\/www.herreradelduque.com\/wp-content\/uploads\/2021\/07\/proteccion-civil1.jpg 1200w, https:\/\/www.herreradelduque.com\/wp-content\/uploads\/2021\/07\/proteccion-civil1-300x200.jpg 300w, https:\/\/www.herreradelduque.com\/wp-content\/uploads\/2021\/07\/proteccion-civil1-1024x683.jpg 1024w, https:\/\/www.herreradelduque.com\/wp-content\/uploads\/2021\/07\/proteccion-civil1-768x512.jpg 768w, https:\/\/www.herreradelduque.com\/wp-content\/uploads\/2021\/07\/proteccion-civil1-600x400.jpg 600w\" sizes=\"(max-width: 1200px) 100vw, 1200px\" \/><\/p>\n<p>&nbsp;<\/p>\n<p>La Agrupaci\u00f3n de Voluntarios de Protecci\u00f3n Civil nace con la vocaci\u00f3n de servicio p\u00fablico con el fin de ofrecer ayuda a la poblaci\u00f3n, as\u00ed como las funciones preventivas y de coordinaci\u00f3n para evitar que se produzca una cat\u00e1strofe o calamidad p\u00fablica. En el caso de que se produzca la cat\u00e1strofe, se deben coordinar todos los medios y recursos para su neutralizaci\u00f3n, mediante la planificaci\u00f3n de las medidas necesarias, de tal forma que el efecto de estos eventos no deseados sobre las personas y los bienes sea el menor posible. As\u00ed como la colaboraci\u00f3n estrecha entre las distintas fuerzas de seguridad.<\/p>\n","protected":false},"excerpt":{"rendered":"<p>Presentada oficialmente la Agrupaci&oacute;n de Voluntarios de Protecci&oacute;n Civil de Herrera del Duque.<\/p>\n","protected":false},"author":1,"featured_media":5673436,"comment_status":"closed","ping_status":"closed","sticky":false,"template":"","format":"standard","meta":[],"categories":[18],"tags":[],"_links":{"self":[{"href":"https:\/\/www.herreradelduque.com\/en\/wp-json\/wp\/v2\/posts\/5673435"}],"collection":[{"href":"https:\/\/www.herreradelduque.com\/en\/wp-json\/wp\/v2\/posts"}],"about":[{"href":"https:\/\/www.herreradelduque.com\/en\/wp-json\/wp\/v2\/types\/post"}],"author":[{"embeddable":true,"href":"https:\/\/www.herreradelduque.com\/en\/wp-json\/wp\/v2\/users\/1"}],"replies":[{"embeddable":true,"href":"https:\/\/www.herreradelduque.com\/en\/wp-json\/wp\/v2\/comments?post=5673435"}],"version-history":[{"count":4,"href":"https:\/\/www.herreradelduque.com\/en\/wp-json\/wp\/v2\/posts\/5673435\/revisions"}],"predecessor-version":[{"id":5673448,"href":"https:\/\/www.herreradelduque.com\/en\/wp-json\/wp\/v2\/posts\/5673435\/revisions\/5673448"}],"wp:featuredmedia":[{"embeddable":true,"href":"https:\/\/www.herreradelduque.com\/en\/wp-json\/wp\/v2\/media\/5673436"}],"wp:attachment":[{"href":"https:\/\/www.herreradelduque.com\/en\/wp-json\/wp\/v2\/media?parent=5673435"}],"wp:term":[{"taxonomy":"category","embeddable":true,"href":"https:\/\/www.herreradelduque.com\/en\/wp-json\/wp\/v2\/categories?post=5673435"},{"taxonomy":"post_tag","embeddable":true,"href":"https:\/\/www.herreradelduque.com\/en\/wp-json\/wp\/v2\/tags?post=5673435"}],"curies":[{"name":"wp","href":"https:\/\/api.w.org\/{rel}","templated":true}]}}