{"id":5681323,"date":"2021-09-30T18:02:16","date_gmt":"2021-09-30T16:02:16","guid":{"rendered":"https:\/\/www.herreradelduque.com\/?p=5681323"},"modified":"2021-09-30T18:02:16","modified_gmt":"2021-09-30T16:02:16","slug":"cronica-del-pleno-ordinario-30-09-2021","status":"publish","type":"post","link":"https:\/\/www.herreradelduque.com\/en\/cronica-del-pleno-ordinario-30-09-2021\/","title":{"rendered":"Cr\u00f3nica del Pleno Ordinario 30\/09\/2021"},"content":{"rendered":"<p><span style=\"font-weight: 400;\">Consulta la cr\u00f3nica del pleno del d\u00eda 30 de septiembre<\/span><!--more--><\/p>\n<p><span style=\"font-weight: 400;\">En la ma\u00f1ana de hoy en el Sal\u00f3n de Plenos de nuestro Ayuntamiento se ha celebrado el Pleno Ordinario correspondiente al mes de septiembre, en el que se han debatido puntos de inter\u00e9s para nuestro municipio. En \u00e9l se han tratado asuntos como:<\/span><\/p>\n<p><span style=\"font-weight: 400;\">Se ha aprobado inicialmente el Reglamento de la Agrupaci\u00f3n de Voluntarios de Protecci\u00f3n Civil de Herrera del Duque, con los votos a favor de la unanimidad de todos los concejales de la Corporaci\u00f3n Municipal.<\/span><\/p>\n<p><span style=\"font-weight: 400;\">Se han aprobado de forma un\u00e1nime los dos d\u00edas de fiesta local para 2022 los d\u00edas 17de enero (Festividad de San Ant\u00f3n Abad) y 13 de mayo (Feria Ganadera y Multisectorial).<\/span><\/p>\n<p><span style=\"font-weight: 400;\">Se han aprobado tambi\u00e9n asuntos relativos a la aprobaci\u00f3n del pliego de aprovechamiento de Pastos en la Dehesa Boyal 2021-2022, la aprobaci\u00f3n inicial Modificaci\u00f3n n\u00ba 4 Plan General de Ordenaci\u00f3n Urbana para el cambio de uso residencial a dotacional.\u00a0<\/span><\/p>\n<p><span style=\"font-weight: 400;\">Del mismo modo, con la unanimidad de todos los concejales de la corporaci\u00f3n municipal se ha aprobado la solicitud a la Consejer\u00eda de Cultura de la Junta de Extremadura de declaraci\u00f3n de la fiesta de San Antonio Abad, como Bien de Inter\u00e9s Cultural.<\/span><\/p>\n<p><span style=\"font-weight: 400;\">De igual manera los dos grupos pol\u00edticos han presentado de forma conjunta Declaraciones institucionales para condenar el aumento de las agresiones LGTBIFOBICAS, para apoyar institucionalmente a los ciudadanos de La Palma tras la erupci\u00f3n del volc\u00e1n, la solidaridad con los incendios recientes de la provincia de M\u00e1laga y el apoyo a los afectados por las inundaciones en algunas poblaciones de nuestra comunidad aut\u00f3noma. As\u00ed como la conmemoraci\u00f3n del 90 aniversario de la consecuci\u00f3n del voto femenino.<\/span><\/p>\n<p><span style=\"font-weight: 400;\">Nuestro alcalde, Saturnino Alc\u00e1zar, ha informado sobre varios asuntos que afectan a nuestro municipio como:<\/span><\/p>\n<ul>\n<li style=\"font-weight: 400;\" aria-level=\"1\"><span style=\"font-weight: 400;\">El levantamiento de las restricciones y aforos por parte de la Junta de Extremadura que desde ayer entraron en vigor, poniendo el foco en el uso de la mascarilla, mantener la distancia interpersonal y el lavado de manos.<\/span><\/li>\n<li style=\"font-weight: 400;\" aria-level=\"1\"><span style=\"font-weight: 400;\">Recientemente la Direcci\u00f3n General de Carretas ha informado que se va a invertir 350 millones de euros en el tramo de la N430 que va desde Santa Amalia hasta Ciudad Real, por lo que nuestro Ayuntamiento como miembro de la Plataforma N430 sigue reivindicando el <\/span><span style=\"font-weight: 400;\">desdoblamiento de la N-430 y su conversi\u00f3n en la A43, Autov\u00eda del Guadiana. Es de sobras conocido que sin infraestructuras modernas de comunicaci\u00f3n que posibiliten el desarrollo, la implantaci\u00f3n de empresas y la puesta en los mercados de los productos primarios, no puede haber \u201cdinamismo econ\u00f3mico\u201d.\u00a0<\/span><\/li>\n<\/ul>\n<p><span style=\"font-weight: 400;\">Muchos ciudadanos terminan eligiendo otro itinerario para hacer el recorrido entre Extremadura y Valencia, dada la alta peligrosidad de la N-430 por lo que con la inversi\u00f3n de 350 millones de euros y la creaci\u00f3n de un tercer carril va a aumentar el trafico considerablemente\u00a0<\/span><\/p>\n<p><span style=\"font-weight: 400;\">Para nuestro alcalde es importante seguir exigiendo al\u00a0 Ministerio que en los presupuestos del a\u00f1o 2022 aparezcan partidas finalistas para la actuaci\u00f3n anunciada de mejora integral de la N-430 entre Santa Amalia y Ciudad Real, as\u00ed como de la conversi\u00f3n en autov\u00eda del tramo ya anunciado entre Torrefresneda y Santa Amalia. Tambi\u00e9n se sigue pidiendo la\u00a0 reducci\u00f3n en el tiempo de ejecuci\u00f3n del estudio anunciado para la mejora integral de la N-430 de 30 meses.\u00a0<\/span><\/p>\n<p><span style=\"font-weight: 400;\">La valoraci\u00f3n general del anuncio de la Direcci\u00f3n General de Carreteras es una valoraci\u00f3n positiva ya que va a suponer la mejora integral de la N-430. Con la construcci\u00f3n de variantes a su paso por todos los municipios y el 2+1 carriles en ciertos tramos ser\u00e1 la conversi\u00f3n en autov\u00eda de la N-430, va a mejorar en gran medida la seguridad vial para los ciudadanos que usan esta v\u00eda de comunicaci\u00f3n. <\/span><\/p>\n","protected":false},"excerpt":{"rendered":"<p>Consulta la cr&oacute;nica del pleno del d&iacute;a 30 de septiembre<\/p>\n","protected":false},"author":1,"featured_media":5681324,"comment_status":"closed","ping_status":"closed","sticky":false,"template":"","format":"standard","meta":[],"categories":[19],"tags":[],"_links":{"self":[{"href":"https:\/\/www.herreradelduque.com\/en\/wp-json\/wp\/v2\/posts\/5681323"}],"collection":[{"href":"https:\/\/www.herreradelduque.com\/en\/wp-json\/wp\/v2\/posts"}],"about":[{"href":"https:\/\/www.herreradelduque.com\/en\/wp-json\/wp\/v2\/types\/post"}],"author":[{"embeddable":true,"href":"https:\/\/www.herreradelduque.com\/en\/wp-json\/wp\/v2\/users\/1"}],"replies":[{"embeddable":true,"href":"https:\/\/www.herreradelduque.com\/en\/wp-json\/wp\/v2\/comments?post=5681323"}],"version-history":[{"count":1,"href":"https:\/\/www.herreradelduque.com\/en\/wp-json\/wp\/v2\/posts\/5681323\/revisions"}],"predecessor-version":[{"id":5681326,"href":"https:\/\/www.herreradelduque.com\/en\/wp-json\/wp\/v2\/posts\/5681323\/revisions\/5681326"}],"wp:featuredmedia":[{"embeddable":true,"href":"https:\/\/www.herreradelduque.com\/en\/wp-json\/wp\/v2\/media\/5681324"}],"wp:attachment":[{"href":"https:\/\/www.herreradelduque.com\/en\/wp-json\/wp\/v2\/media?parent=5681323"}],"wp:term":[{"taxonomy":"category","embeddable":true,"href":"https:\/\/www.herreradelduque.com\/en\/wp-json\/wp\/v2\/categories?post=5681323"},{"taxonomy":"post_tag","embeddable":true,"href":"https:\/\/www.herreradelduque.com\/en\/wp-json\/wp\/v2\/tags?post=5681323"}],"curies":[{"name":"wp","href":"https:\/\/api.w.org\/{rel}","templated":true}]}}