{"id":5681513,"date":"2021-10-28T09:45:39","date_gmt":"2021-10-28T07:45:39","guid":{"rendered":"https:\/\/www.herreradelduque.com\/?p=5681513"},"modified":"2021-10-29T09:52:23","modified_gmt":"2021-10-29T07:52:23","slug":"cronica-pleno-27-de-octubre","status":"publish","type":"post","link":"https:\/\/www.herreradelduque.com\/en\/cronica-pleno-27-de-octubre\/","title":{"rendered":"Cr\u00f3nica Pleno 27 de octubre"},"content":{"rendered":"<p>Lee la cr\u00f3nica del pleno del 27 de octubre<!--more--><\/p>\n<p>Cr\u00f3nica Pleno Ordinario 27-10-2021 Este mi\u00e9rcoles 27 de octubre se ha celebrado el Pleno Ordinario correspondiente al mes de Octubre en el que se han tratado asuntos de inter\u00e9s para nuestro municipio.<\/p>\n<p>Con los votos a favor de los miembros del PSOE y la Portavoz del PP, y la abstenci\u00f3n de la concejala del Grupo Popular Anabel Aceituno, se ha procedido a la tramitaci\u00f3n expediente de expropiaci\u00f3n forzosa del programa de ejecuci\u00f3n que afecta a la unidad de actuaci\u00f3n PERI4, en la aplicaci\u00f3n del art\u00edculo 118.2 de la LOTUS. Tal y como han solicitado los representantes legales de los terrenos de la Iglesia con el fin de acometer la Remodelaci\u00f3n y Creaci\u00f3n de la Plaza del Barruelo, un espacio urban\u00edstico que va a permitir el disfrute de los ciudadanos en esta zona.<\/p>\n<p>Entre los puntos debatidos por la Corporaci\u00f3n Municipal se ha aprobado iniciar expedientes de resoluci\u00f3n del contrato de \u201cExplotaci\u00f3n de Club N\u00e1utico el Espol\u00f3n\u201d y de Arrendamiento del inmueble denominado \u201cMatadero Municipal\u201d.<\/p>\n<p>Los miembros de la Corporaci\u00f3n municipal han aprobado de forma un\u00e1nime una Declaraci\u00f3n institucional con motivo del D\u00eda Internacional de la Mujer Rural, en la que se ha puesto en valor la importancia de las mujeres en los entornos rurales y la petici\u00f3n a las distintas administraciones p\u00fablicas para que se involucren en la defensa de las mujeres rurales.<\/p>\n<p>Se ha dado aprobado la convalidaci\u00f3n actuaciones necesarias para inscripci\u00f3n de expediente de adquisici\u00f3n de nave en el Registro de la propiedad. Para finalizar el pleno nuestro alcalde, Saturnino Alc\u00e1zar Vaquerizo ha dado cuenta de las acciones realizadas por la alcald\u00eda, y ha puesto de manifiesto la presentaci\u00f3n que se celebr\u00f3 el pasado 5 de octubre en nuestro municipio del Proyecto Aequitas 50\/50 y que cont\u00f3 con la presencia del Secretario General de la Confederaci\u00f3n Regional Empresarial Extreme\u00f1a , Javier Peinado y la Directora General del Instituto de la Mujer de Extremadura, Estela Contreras Asturiano.<\/p>\n<p>El proyecto que cuenta con la financiaci\u00f3n de la Diputaci\u00f3n de Badajoz y la Junta de Extremadura y que ofrece adem\u00e1s un servicio de apoyo, asesoramiento y consultor\u00eda gratuito para las empresas que cuentan con una plantilla inferior a 50 trabajadores, y que de momento no tienen obligatoriedad, para que estas implanten su plan de igualdad adelant\u00e1ndose a futuras modificaciones m\u00e1s restrictivas en la ley, en cuanto al n\u00ba de trabajadores en plantilla. Nuestro alcalde, tambi\u00e9n ha recordado que el pasado 9 de octubre la Escuela Municipal de Karate \u2013 SP- Karate, recogi\u00f3 varios galardones en M\u00e9rida de la Federaci\u00f3n Extreme\u00f1a de Karate, en la que reconoce la labor y trayectoria de los alumnos y alumnas de esta escuela municipal. Nuestro alcalde ha tenido unas palabras de agradecimiento al monitor de la Escuela Municipal de Karate por su buen hacer y que tantos \u00e9xitos est\u00e1n cosechando los alumnos y alumnas. Tambi\u00e9n ha recordado nuestro alcalde el inicio de la Ludoteca Infantil como un nuevo servicio y espacio en el que los ni\u00f1os y ni\u00f1as de 2 a 5 a\u00f1os se atienden.<\/p>\n<p>Y en cuanto a premios y distinciones se refiere, ha anunciado que el d\u00eda 12 de noviembre el Ayuntamiento recoger\u00e1 en C\u00e1ceres un Premio Urban\u00edstico del Proyecto del Paseo de las Palmeras, segundo premio que ya se otorga a nuestro municipio (el primero fue de la remodelaci\u00f3n de la Plaza de Espa\u00f1a) concedido por la Consejer\u00eda de Vivienda y Urbanismo de la Junta de Extremadura. As\u00ed como la distinci\u00f3n del Premio Beactive otorgado por el Consejo Superior de Deportes por el Proyecto de nuestras Escuelas Municipales Deportivas en el que m\u00e1s de 600 usuarios hacen uso de este servicio, que se recoger\u00e1 el pr\u00f3ximo 19 de noviembre en la sede del Consejo Superior de Deportes.<\/p>\n","protected":false},"excerpt":{"rendered":"<p>Lee la cr&oacute;nica del pleno del 27 de octubre<\/p>\n","protected":false},"author":1,"featured_media":5681515,"comment_status":"closed","ping_status":"closed","sticky":false,"template":"","format":"standard","meta":[],"categories":[19],"tags":[],"_links":{"self":[{"href":"https:\/\/www.herreradelduque.com\/en\/wp-json\/wp\/v2\/posts\/5681513"}],"collection":[{"href":"https:\/\/www.herreradelduque.com\/en\/wp-json\/wp\/v2\/posts"}],"about":[{"href":"https:\/\/www.herreradelduque.com\/en\/wp-json\/wp\/v2\/types\/post"}],"author":[{"embeddable":true,"href":"https:\/\/www.herreradelduque.com\/en\/wp-json\/wp\/v2\/users\/1"}],"replies":[{"embeddable":true,"href":"https:\/\/www.herreradelduque.com\/en\/wp-json\/wp\/v2\/comments?post=5681513"}],"version-history":[{"count":1,"href":"https:\/\/www.herreradelduque.com\/en\/wp-json\/wp\/v2\/posts\/5681513\/revisions"}],"predecessor-version":[{"id":5681514,"href":"https:\/\/www.herreradelduque.com\/en\/wp-json\/wp\/v2\/posts\/5681513\/revisions\/5681514"}],"wp:featuredmedia":[{"embeddable":true,"href":"https:\/\/www.herreradelduque.com\/en\/wp-json\/wp\/v2\/media\/5681515"}],"wp:attachment":[{"href":"https:\/\/www.herreradelduque.com\/en\/wp-json\/wp\/v2\/media?parent=5681513"}],"wp:term":[{"taxonomy":"category","embeddable":true,"href":"https:\/\/www.herreradelduque.com\/en\/wp-json\/wp\/v2\/categories?post=5681513"},{"taxonomy":"post_tag","embeddable":true,"href":"https:\/\/www.herreradelduque.com\/en\/wp-json\/wp\/v2\/tags?post=5681513"}],"curies":[{"name":"wp","href":"https:\/\/api.w.org\/{rel}","templated":true}]}}