{"id":5681542,"date":"2021-11-05T11:30:30","date_gmt":"2021-11-05T10:30:30","guid":{"rendered":"https:\/\/www.herreradelduque.com\/?p=5681542"},"modified":"2021-11-05T11:30:30","modified_gmt":"2021-11-05T10:30:30","slug":"concurso-de-poesia","status":"publish","type":"post","link":"https:\/\/www.herreradelduque.com\/en\/concurso-de-poesia\/","title":{"rendered":"Concurso de Poes\u00eda"},"content":{"rendered":"<p>Consulta las bases y participa en este concurso<!--more--><\/p>\n<p><b>III CONCURSO DE POES\u00cdA CONTRA <\/b><b>\u00a0<\/b><b>LA VIOLENCIA DE G\u00c9NERO 2021<\/b><b>\u00a0<\/b><\/p>\n<p><b>BASES\u00a0<\/b><\/p>\n<p><span style=\"font-weight: 400;\">A trav\u00e9s de las Concejal\u00edas de Cultura y de Igualdad del Ayuntamiento de Herrera del Duque, y en colaboraci\u00f3n con el \u00e1rea de trabajo social, universidad popular, biblioteca municipal y asociaciones locales, convoca el <\/span><b><i>III CONCURSO DE POES\u00cdA CONTRA LA VIOLENCIA DE G\u00c9NERO.\u00a0<\/i><\/b><\/p>\n<p><b>Primera.\u00a0<\/b><\/p>\n<p><span style=\"font-weight: 400;\">Podr\u00e1n participar todas aquellas personas mayores de edad y de cualquier nacionalidad que as\u00ed lo deseen, individualmente o de forma conjunta. En este \u00faltimo supuesto deber\u00e1n adjuntar todos los datos las personas que se presenten en esta modalidad dividi\u00e9ndose el premio entre todas ellas.\u00a0<\/span><\/p>\n<p><b>Segunda.\u00a0<\/b><\/p>\n<p><span style=\"font-weight: 400;\">\u00a0<\/span><span style=\"font-weight: 400;\">Se aceptar\u00e1 cualquier t\u00e9cnica po\u00e9tica. Los poemas deber\u00e1n estar inspirados o de alguna forma motivados por el empoderamiento y\/o por la problem\u00e1tica de las violencias machistas. <\/span><span style=\"font-weight: 400;\">\u00a0\u00a0<\/span><\/p>\n<p><b>Tercera.\u00a0<\/b><\/p>\n<p><span style=\"font-weight: 400;\">La obra debe ser original e in\u00e9dita en toda su extensi\u00f3n, sin firma ni se\u00f1al alguna que revele\u00a0<\/span><span style=\"font-weight: 400;\">su procedencia.\u00a0<\/span><\/p>\n<p><b>Cuarta.\u00a0<\/b><\/p>\n<p><span style=\"font-weight: 400;\">Las obras se presentar\u00e1n con una adecuada legibilidad, en manuscrito o en ordenador (en\u00a0<\/span><span style=\"font-weight: 400;\">letra Times New Roman, y cuerpo 12). Sin limitaci\u00f3n m\u00ednima y con un m\u00e1ximo de tres\u00a0<\/span><span style=\"font-weight: 400;\">p\u00e1ginas por obra.\u00a0\u00a0<\/span><\/p>\n<p><b>Quinta.\u00a0<\/b><\/p>\n<p><span style=\"font-weight: 400;\">El plazo de recepci\u00f3n de obras terminar\u00e1 <\/span><b>el 22 de noviembre, a las 14.00 horas.\u00a0<\/b><\/p>\n<p><span style=\"font-weight: 400;\">La presentaci\u00f3n de dichos trabajos se realizar\u00e1 a trav\u00e9s de los siguientes medios:\u00a0<\/span><\/p>\n<ol>\n<li><span style=\"font-weight: 400;\"> De forma presencial: <\/span><span style=\"font-weight: 400;\">en la Biblioteca Municipal situada en el Palacio de Cultura, en horario de ma\u00f1ana de 10.00 a 14.00 horas y de tarde de 18.00 a 20.00 horas de lunes a viernes. A cada trabajo se le asignar\u00e1 un n\u00famero por orden de presentaci\u00f3n y se extender\u00e1 un resguardo para la persona interesada. Se presentar\u00e1n en un sobre cerrado, en cuyo exterior figurar\u00e1 el t\u00edtulo de la poes\u00eda; y en su interior una nota escrita a ordenador o rotulaci\u00f3n legible, indicando el nombre y apellidos de la persona o personas autoras de la obra.\u00a0<\/span><\/li>\n<li><span style=\"font-weight: 400;\"> Por correo electr\u00f3nico: <\/span><span style=\"font-weight: 400;\">Enviando un correo electr\u00f3nico a la direcci\u00f3n <\/span><span style=\"font-weight: 400;\">bibliotecaherrera171@gmail.com<\/span><span style=\"font-weight: 400;\">,<\/span><span style=\"font-weight: 400;\"> con el asunto <\/span><b>III Concurso de Poes\u00eda<\/b><span style=\"font-weight: 400;\">. En este email se enviar\u00e1n el archivo adjunto en pdf. con los datos del participante, nombre y apellidos de la persona o personas autoras de la obra, direcci\u00f3n postal de referencia, correo electr\u00f3nico y n\u00famero de tel\u00e9fono. Ser\u00e1n admitidos los correos que reciban contestaci\u00f3n.\u00a0<\/span><\/li>\n<\/ol>\n<p><b>Sexta.\u00a0<\/b><\/p>\n<p><span style=\"font-weight: 400;\">El Jurado nombrado para este concurso estar\u00e1 formado por personas expertas en el mundo de la poes\u00eda y sensibilizadas con la problem\u00e1tica de la violencia de g\u00e9nero. El jurado no conocer\u00e1, en ning\u00fan caso, los nombres de los autores o autoras, tan solo el t\u00edtulo de la obra presentada. El jurado valorar\u00e1 la creatividad, la calidad art\u00edstica, la t\u00e9cnica y originalidad, as\u00ed\u00a0<\/span><span style=\"font-weight: 400;\">como el mensaje transmitido, las relaciones de igualdad y contra las violencias machistas. El\u00a0<\/span><span style=\"font-weight: 400;\">fallo del jurado ser\u00e1 inapelable y podr\u00e1 declarar desiertos los premios si no considera que\u00a0<\/span><span style=\"font-weight: 400;\">alcanzan un m\u00ednimo exigible.\u00a0<\/span><\/p>\n<p><b>S\u00e9ptima.\u00a0<\/b><\/p>\n<p><span style=\"font-weight: 400;\">Se establecen los siguientes premios:\u00a0<\/span><\/p>\n<p><span style=\"font-weight: 400;\">Primer y \u00fanico premio, dotado con un lote de libros.\u00a0\u00a0<\/span><\/p>\n<p><span style=\"font-weight: 400;\">Todas las personas participantes tendr\u00e1n un diploma de agradecimiento.\u00a0<\/span><span style=\"font-weight: 400;\">\u00a0<\/span><\/p>\n<p><span style=\"font-weight: 400;\">Ning\u00fan autor o autora podr\u00e1 beneficiarse de m\u00e1s de un premio.\u00a0<\/span><\/p>\n<p><b>Octava.\u00a0<\/b><\/p>\n<p><span style=\"font-weight: 400;\">Las autoras y los autores de las obras seleccionadas ceder\u00e1n al Ayuntamiento, por un periodo de dos a\u00f1os los derechos sobre las mismas a efectos de exhibici\u00f3n p\u00fablica o reproducci\u00f3n en cualquier medio de la totalidad o parte de las obras participantes, lo cual se har\u00e1 siempre con el reconocimiento expreso de su condici\u00f3n de autor o autora, excepto manifestaci\u00f3n en contra. Los y las concursantes se responsabilizan totalmente de que no existan derechos a terceros en las obras presentadas, as\u00ed como de toda reclamaci\u00f3n por derechos de imagen o an\u00e1logos. Ser\u00e1 responsabilidad de los y las artistas cualquier reclamaci\u00f3n que pueda producirse en relaci\u00f3n con la autor\u00eda del trabajo o de su posible plagio.\u00a0<\/span><\/p>\n<p><b>Novena.\u00a0<\/b><\/p>\n<p><span style=\"font-weight: 400;\">La entrega de los premios se realizar\u00e1 dentro del programa de actividades organizadas con motivo del D\u00eda Internacional Contra la Violencia de G\u00e9nero, en el d\u00eda <\/span><b>25 de noviembre de 2021, <\/b><span style=\"font-weight: 400;\">en el Palacio de Cultura. Su difusi\u00f3n se realizar\u00e1 a trav\u00e9s de los distintos portales y medios de difusi\u00f3n municipales y colaboradoras del presente concurso.\u00a0\u00a0<\/span><\/p>\n<p><span style=\"font-weight: 400;\">Y ser\u00e1n expuestas todas las poes\u00edas participantes en un panel en el Palacio de Cultura.\u00a0<\/span><\/p>\n<p><b>D\u00e9cima.\u00a0<\/b><\/p>\n<p><span style=\"font-weight: 400;\">Los trabajos entregados podr\u00e1n ser recogidos a partir del d\u00eda 1 de diciembre de 2021.\u00a0<\/span><\/p>\n<p><span style=\"font-weight: 400;\">\u00a0<\/span><b>Und\u00e9cima.<\/b><\/p>\n<p><span style=\"font-weight: 400;\">\u00a0<\/span><span style=\"font-weight: 400;\">La participaci\u00f3n en este concurso implica la aceptaci\u00f3n de todas sus bases.\u00a0<\/span><\/p>\n<p><b>Organiza: <\/b><span style=\"font-weight: 400;\">Ayuntamiento de Herrera del Duque.\u00a0<\/span><\/p>\n<p><b>Patrocina: <\/b><span style=\"font-weight: 400;\">\u00c1rea de Cultura de Diputaci\u00f3n de Badajoz.\u00a0<\/span><\/p>\n<p>&nbsp;<\/p>\n","protected":false},"excerpt":{"rendered":"<p>Consulta las bases y participa en este concurso<\/p>\n","protected":false},"author":1,"featured_media":5681543,"comment_status":"closed","ping_status":"closed","sticky":false,"template":"","format":"standard","meta":[],"categories":[9],"tags":[],"_links":{"self":[{"href":"https:\/\/www.herreradelduque.com\/en\/wp-json\/wp\/v2\/posts\/5681542"}],"collection":[{"href":"https:\/\/www.herreradelduque.com\/en\/wp-json\/wp\/v2\/posts"}],"about":[{"href":"https:\/\/www.herreradelduque.com\/en\/wp-json\/wp\/v2\/types\/post"}],"author":[{"embeddable":true,"href":"https:\/\/www.herreradelduque.com\/en\/wp-json\/wp\/v2\/users\/1"}],"replies":[{"embeddable":true,"href":"https:\/\/www.herreradelduque.com\/en\/wp-json\/wp\/v2\/comments?post=5681542"}],"version-history":[{"count":1,"href":"https:\/\/www.herreradelduque.com\/en\/wp-json\/wp\/v2\/posts\/5681542\/revisions"}],"predecessor-version":[{"id":5681545,"href":"https:\/\/www.herreradelduque.com\/en\/wp-json\/wp\/v2\/posts\/5681542\/revisions\/5681545"}],"wp:featuredmedia":[{"embeddable":true,"href":"https:\/\/www.herreradelduque.com\/en\/wp-json\/wp\/v2\/media\/5681543"}],"wp:attachment":[{"href":"https:\/\/www.herreradelduque.com\/en\/wp-json\/wp\/v2\/media?parent=5681542"}],"wp:term":[{"taxonomy":"category","embeddable":true,"href":"https:\/\/www.herreradelduque.com\/en\/wp-json\/wp\/v2\/categories?post=5681542"},{"taxonomy":"post_tag","embeddable":true,"href":"https:\/\/www.herreradelduque.com\/en\/wp-json\/wp\/v2\/tags?post=5681542"}],"curies":[{"name":"wp","href":"https:\/\/api.w.org\/{rel}","templated":true}]}}