{"id":5681846,"date":"2021-11-26T11:02:55","date_gmt":"2021-11-26T10:02:55","guid":{"rendered":"https:\/\/www.herreradelduque.com\/?p=5681846"},"modified":"2021-11-26T11:02:55","modified_gmt":"2021-11-26T10:02:55","slug":"cronica-del-pleno-25-de-noviembre","status":"publish","type":"post","link":"https:\/\/www.herreradelduque.com\/en\/cronica-del-pleno-25-de-noviembre\/","title":{"rendered":"Cr\u00f3nica del Pleno 25 de Noviembre"},"content":{"rendered":"<p>Consulta la cr\u00f3nica del pleno celebrado el pasado 25 de noviembre<!--more--><\/p>\n<p>&nbsp;<\/p>\n<p><span style=\"font-weight: 400;\">Esta ma\u00f1ana jueves 25 de noviembre se ha celebrado en el Sal\u00f3n de Plenos de nuestro Ayuntamiento la sesi\u00f3n plenaria correspondiente al mes de noviembre.<\/span><\/p>\n<p><span style=\"font-weight: 400;\">En \u00e9l se ha debatido y aprobado asunto de trascendencia para nuestro municipio, como la cesi\u00f3n de uso del &#8220;Convento de San Jer\u00f3nimo&#8221; a la Consejer\u00eda de Agricultura, Desarrollo Rural, Poblaci\u00f3n Y Territorio para la ejecuci\u00f3n de la obra &#8220;la restauraci\u00f3n y adecuaci\u00f3n del interior de la Iglesia del Convento, con el fin de acometer el proyecto de rehabilitaci\u00f3n por parte de la Junta de Extremadura con un presupuesto de m\u00e1s de 600. 000 euros que va a conservar de forma definitiva uno de nuestro iconos patrimoniales. Posteriormente a la ejecuci\u00f3n de la obra, la propiedad pasar\u00e1 de nuevo a nuestro Ayuntamiento. En \u00e9l se pretende albergar el Centro de recepci\u00f3n de turistas y de interpretaci\u00f3n de la Reserva de la Biosfera poni\u00e9ndolo a disposici\u00f3n de ciudadanos y visitantes como un atractivo tur\u00edstico no solo de nuestro municipio sino de la comarca.<\/span><\/p>\n<p><span style=\"font-weight: 400;\">Se ha aprobado con los votos favorables de los miembros del Grupo Socialista y la abstenci\u00f3n de las dos concejalas del Grupo Popular la Cuenta General del Ejercicio 2020. Durante el transcurso de la sesi\u00f3n el portavoz del PSOE, Francisco Javier Valad\u00e9s ha puesto de manifiesto la exquisita gesti\u00f3n econ\u00f3mica por parte del Equipo de Gobierno ya que a pesar de la situaci\u00f3n de pandemia sufrida, en nuestro municipio no se ha limitado ning\u00fan servicio esencial para la ciudadan\u00eda sino todo lo contrario ya que se han ampliado y se ha dado cobertura a todos y cada uno de los servicios b\u00e1sicos para el ciudadano. Un dato importante es que a pesar de la situaci\u00f3n de pandemia nuestro Ayuntamiento ha seguido haciendo inversiones y en los\u00a0 \u00faltimos a\u00f1os se ha invertido m\u00e1s de 40 millones de euros.<\/span><\/p>\n<p><span style=\"font-weight: 400;\">Se ha dado el visto bueno al\u00a0 pliego de cl\u00e1usulas Administrativas, e inicio del expediente de licitaci\u00f3n, para el arrendamiento del inmueble &#8220;Club N\u00e1utico El Espol\u00f3n&#8221;, as\u00ed como del arrendamiento del inmueble &#8220;Bar-Cafeter\u00eda del Palacio de la Cultura&#8221;.<\/span><\/p>\n<p><span style=\"font-weight: 400;\">El pleno ha dictaminado con los votos a favor de todos los miembros de la corporaci\u00f3n municipal el\u00a0 proyecto de ampliaci\u00f3n del Cementerio Municipal.\u00a0<\/span><\/p>\n<p><span style=\"font-weight: 400;\">Se ha resuelto las alegaciones de la Modificaci\u00f3n n\u00ba 3 del PGOU con los votos a favor del Grupo Socialista, la portavoz del PP y la abstenci\u00f3n de la concejala Anabel Aceituno. Una vez se finalice el expediente es intenci\u00f3n del Ayuntamiento en estas modificaciones o\u00a0 en la del cementerio de llegar a acuerdos con los propietarios.<\/span><\/p>\n<p><span style=\"font-weight: 400;\">El pleno ha propuesto la apertura de establecimientos comerciales en 1 de mayo y del 25 de diciembre de 2021. Dejar claro que la apertura de estos festivos es elecci\u00f3n de cada uno de los comerciantes.<\/span><\/p>\n<p><span style=\"font-weight: 400;\">Se ha aprobado de forma un\u00e1nime de todos los miembros de la Corporaci\u00f3n Municipal las declaraciones institucionales de con motivo del d\u00eda Internacional de la eliminaci\u00f3n de la violencia contra la mujer, la Declaraci\u00f3n de &#8220;Torremolinos&#8221;, que hace una apuesta decidida por el municipalismo as\u00ed como el apoyo institucional a la Federaci\u00f3n Espa\u00f1ola de Diabetes con ocasi\u00f3n del D\u00eda Mundial de la Diabetes.<\/span><\/p>\n<p><span style=\"font-weight: 400;\">Del mismo modo se ha hecho una manifestaci\u00f3n p\u00fablica a los proyectos que desarrolla la Organizaci\u00f3n No Gubernamental Cruz Roja a nivel auton\u00f3mico.<\/span><\/p>\n<p><span style=\"font-weight: 400;\">Para finalizar la sesi\u00f3n plenaria, el Alcalde-Presidente, Saturnino Alcazar Vaquerizo ha rendido cuentas al pleno y a la ciudadan\u00eda en la intervenci\u00f3n de informes y decretos, poniendo en conocimiento los reconocimientos que en los \u00faltimos d\u00edas ha recogido en nombre de nuestro Ayuntamiento como el Premio nacional Beactive concedido por el Consejo Superior de Deportes que avala la buena gesti\u00f3n con respecto a las Escuelas Municipales Deportivas, as\u00ed como la concesi\u00f3n del Premio urban\u00edstico de la reurbanizaci\u00f3n del Paseo de las Palmera concedido por la Junta de Extremadura.<\/span><\/p>\n<p><span style=\"font-weight: 400;\">Tambi\u00e9n di\u00f3 cuenta que una delegaci\u00f3n del Equipo de Gobierno estuvo presente d\u00edas atr\u00e1s en Castiglione in Teverina a una invitaci\u00f3n cursada por nuestro pueblo hermano para la conmemoraci\u00f3n del 25 aniversario del hermanamiento de este con otro municipio de la Rep\u00fablica Checa <\/span><span style=\"font-weight: 400;\">Lanskroun. Encuentro que sirvi\u00f3 para seguir trabajando en proyectos europeos que pronto ver\u00e1n la luz.<\/span><\/p>\n<p><span style=\"font-weight: 400;\">Nuestro alcalde tambi\u00e9n dio cuenta de la celebraci\u00f3n el d\u00eda 17 de noviembre de la celebraci\u00f3n de un Pleno infantil en el que se recogieron las reivindicaciones de los miembros del Consejo de la Infancia, as\u00ed como tambi\u00e9n se anunci\u00f3 en dicho pleno del proyecto que el Ayuntamiento va a llevar a cabo en las inmediaciones de la calle Cantarranas\/Luis Chamizo en la que unos 4.000 metros se van a convertir en una zona verde y de disfrute de la ciudadan\u00eda y de los ni\u00f1os y ni\u00f1as de nuestro municipio.<\/span><\/p>\n<p><span style=\"font-weight: 400;\">Tambi\u00e9n ha recordado que hoy se conmemora el D\u00eda contra la Violencia de G\u00e9nero y ha invitado a la ciudadan\u00eda a participar en las actividades que ha organizado la Concejal\u00eda de Igualdad de nuestro Ayuntamiento con el fin de visibilizar este problema social.<\/span><\/p>\n<p><span style=\"font-weight: 400;\">\u00a0<\/span><\/p>\n<p>&nbsp;<\/p>\n","protected":false},"excerpt":{"rendered":"<p>Consulta la cr&oacute;nica del pleno celebrado el pasado 25 de noviembre<\/p>\n","protected":false},"author":1,"featured_media":5681847,"comment_status":"closed","ping_status":"closed","sticky":false,"template":"","format":"standard","meta":[],"categories":[19],"tags":[],"_links":{"self":[{"href":"https:\/\/www.herreradelduque.com\/en\/wp-json\/wp\/v2\/posts\/5681846"}],"collection":[{"href":"https:\/\/www.herreradelduque.com\/en\/wp-json\/wp\/v2\/posts"}],"about":[{"href":"https:\/\/www.herreradelduque.com\/en\/wp-json\/wp\/v2\/types\/post"}],"author":[{"embeddable":true,"href":"https:\/\/www.herreradelduque.com\/en\/wp-json\/wp\/v2\/users\/1"}],"replies":[{"embeddable":true,"href":"https:\/\/www.herreradelduque.com\/en\/wp-json\/wp\/v2\/comments?post=5681846"}],"version-history":[{"count":1,"href":"https:\/\/www.herreradelduque.com\/en\/wp-json\/wp\/v2\/posts\/5681846\/revisions"}],"predecessor-version":[{"id":5681849,"href":"https:\/\/www.herreradelduque.com\/en\/wp-json\/wp\/v2\/posts\/5681846\/revisions\/5681849"}],"wp:featuredmedia":[{"embeddable":true,"href":"https:\/\/www.herreradelduque.com\/en\/wp-json\/wp\/v2\/media\/5681847"}],"wp:attachment":[{"href":"https:\/\/www.herreradelduque.com\/en\/wp-json\/wp\/v2\/media?parent=5681846"}],"wp:term":[{"taxonomy":"category","embeddable":true,"href":"https:\/\/www.herreradelduque.com\/en\/wp-json\/wp\/v2\/categories?post=5681846"},{"taxonomy":"post_tag","embeddable":true,"href":"https:\/\/www.herreradelduque.com\/en\/wp-json\/wp\/v2\/tags?post=5681846"}],"curies":[{"name":"wp","href":"https:\/\/api.w.org\/{rel}","templated":true}]}}