{"id":5682856,"date":"2022-01-25T13:29:44","date_gmt":"2022-01-25T12:29:44","guid":{"rendered":"https:\/\/www.herreradelduque.com\/?p=5682856"},"modified":"2022-01-25T13:29:44","modified_gmt":"2022-01-25T12:29:44","slug":"plazas-de-auxiliares-reparto-domicilio","status":"publish","type":"post","link":"https:\/\/www.herreradelduque.com\/en\/plazas-de-auxiliares-reparto-domicilio\/","title":{"rendered":"Plazas de Auxiliares Reparto Domicilio"},"content":{"rendered":"<p>Consulta las bases para esta provisi\u00f3n temporal de empleo<!--more--><\/p>\n<p><span style=\"font-weight: 400;\">Bases de participaci\u00f3n: <a href=\"http:\/\/www.herreradelduque.com\/wp-content\/uploads\/2022\/01\/BASES-AUXILIAR-REPARTO-COMIDA-A-DOMICILIO-ENERO-2022.docx\" target=\"_blank\" rel=\"noopener\">DESCARGA LAS BASES<\/a><\/span><\/p>\n<p><span style=\"font-weight: 400;\">Pongo en conocimiento de todos los vecinos\/as, las Bases que han de regir en la selecci\u00f3n para la <\/span><b>CREACI\u00d3N DE UNA BOLSA PARA PROVISI\u00d3N TEMPORAL DE AUXILIARES DE REPARTO DE COMIDA A DOMICILIO<\/b><span style=\"font-weight: 400;\"> de Herrera del Duque.\u00a0<\/span><\/p>\n<p><b>OBJETO<\/b><span style=\"font-weight: 400;\">: Es objetivo de las presentes bases la creaci\u00f3n de una bolsa de trabajo especifica de Auxiliares de reparto de comida del servicio de comida a domicilio del Ayuntamiento de Herrera del Duque. Esta bolsa se utilizar\u00e1 para cubrir bajas, vacantes, aumento de usuario o cualquier otra necesidad urgente que pudiera surgir.\u00a0<\/span><\/p>\n<p><b>REQUISITOS<\/b><span style=\"font-weight: 400;\">:\u00a0<\/span><\/p>\n<p><span style=\"font-weight: 400;\">.- Ser Espa\u00f1ol y ser mayor de 16 a\u00f1os, sin perjuicio de lo dispuesto en la legalidad vigente para el acceso de nacionales de los Estados Miembros, as\u00ed como los extranjeros residentes en Espa\u00f1a que re\u00fanan los requisitos exigidos en la Ley Org\u00e1nica 4\/2000.<\/span><\/p>\n<p><span style=\"font-weight: 400;\">\u00a0.- No padecer enfermedad o defecto f\u00edsico o ps\u00edquico que impida el desempe\u00f1o de las funciones.\u00a0<\/span><\/p>\n<p><span style=\"font-weight: 400;\">.- No estar incurso en ninguna causa de inhabilitaci\u00f3n para el desempe\u00f1o de la Funci\u00f3n P\u00fablica, ni haber sido separado de ninguna Administraci\u00f3n P\u00fablica.\u00a0<\/span><\/p>\n<p><span style=\"font-weight: 400;\">.- Estar inscrito en el SEXPE en situaci\u00f3n de demandante de empleo o mejora de empleo.\u00a0<\/span><\/p>\n<p><span style=\"font-weight: 400;\">.- Tener total disponibilidad para desempe\u00f1ar su jornada de trabajo de forma partida, si as\u00ed se indica por el Ayuntamiento, as\u00ed como tener total disponibilidad para trabajar durante d\u00edas festivos.\u00a0<\/span><\/p>\n<p><span style=\"font-weight: 400;\">.- Estar en posesi\u00f3n del Carnet de Manipulador de alimentos en vigor<\/span><\/p>\n<p><span style=\"font-weight: 400;\">.- Estar en posesi\u00f3n de carnet conducir B1.\u00a0<\/span><\/p>\n<p><span style=\"font-weight: 400;\">Los requisitos para concurrir est\u00e1n referidos al \u00faltimo d\u00eda de presentaci\u00f3n de instancias.\u00a0<\/span><\/p>\n<p><b>DURACI\u00d3N CONTRATO<\/b><span style=\"font-weight: 400;\">: Seis Meses.\u00a0<\/span><\/p>\n<p><b>RETRIBUCIONES<\/b><span style=\"font-weight: 400;\">: Las personas contratadas percibir\u00e1n el salario correspondiente al SMI, seg\u00fan las horas contratadas, incluida paga extra<\/span><\/p>\n<p><b>PROCESO SELECTIVO<\/b><span style=\"font-weight: 400;\">: Concurso, se valorar\u00e1 lo establecido en las Bases y Entrevista Curricular.<\/span><\/p>\n<p><b>\u00a0<\/b><span style=\"font-weight: 400;\">El Tribunal se reunir\u00e1 a tal efecto en la Sala de Juntas del Ayuntamiento,<\/span><b> a partir de las 10,00 horas del d\u00eda 8\u00a0 de febrero de 2022<\/b><\/p>\n<p><b>\u00a0SOLICITUDES<\/b><span style=\"font-weight: 400;\">: Las solicitudes ajustadas al modelo de instancia que se facilitar\u00e1n al efecto, se presentar\u00e1n, en el Registro de este Ayuntamiento o a trav\u00e9s de la sede electr\u00f3nica, <\/span><b>Hasta las 15,00 horas del d\u00eda 4 de febrero de 2022<\/b><\/p>\n","protected":false},"excerpt":{"rendered":"<p>Consulta las bases para esta provisi&oacute;n temporal de empleo<\/p>\n","protected":false},"author":1,"featured_media":5665540,"comment_status":"closed","ping_status":"closed","sticky":false,"template":"","format":"standard","meta":[],"categories":[1],"tags":[],"_links":{"self":[{"href":"https:\/\/www.herreradelduque.com\/en\/wp-json\/wp\/v2\/posts\/5682856"}],"collection":[{"href":"https:\/\/www.herreradelduque.com\/en\/wp-json\/wp\/v2\/posts"}],"about":[{"href":"https:\/\/www.herreradelduque.com\/en\/wp-json\/wp\/v2\/types\/post"}],"author":[{"embeddable":true,"href":"https:\/\/www.herreradelduque.com\/en\/wp-json\/wp\/v2\/users\/1"}],"replies":[{"embeddable":true,"href":"https:\/\/www.herreradelduque.com\/en\/wp-json\/wp\/v2\/comments?post=5682856"}],"version-history":[{"count":1,"href":"https:\/\/www.herreradelduque.com\/en\/wp-json\/wp\/v2\/posts\/5682856\/revisions"}],"predecessor-version":[{"id":5682859,"href":"https:\/\/www.herreradelduque.com\/en\/wp-json\/wp\/v2\/posts\/5682856\/revisions\/5682859"}],"wp:featuredmedia":[{"embeddable":true,"href":"https:\/\/www.herreradelduque.com\/en\/wp-json\/wp\/v2\/media\/5665540"}],"wp:attachment":[{"href":"https:\/\/www.herreradelduque.com\/en\/wp-json\/wp\/v2\/media?parent=5682856"}],"wp:term":[{"taxonomy":"category","embeddable":true,"href":"https:\/\/www.herreradelduque.com\/en\/wp-json\/wp\/v2\/categories?post=5682856"},{"taxonomy":"post_tag","embeddable":true,"href":"https:\/\/www.herreradelduque.com\/en\/wp-json\/wp\/v2\/tags?post=5682856"}],"curies":[{"name":"wp","href":"https:\/\/api.w.org\/{rel}","templated":true}]}}