{"id":5682864,"date":"2022-01-26T13:33:01","date_gmt":"2022-01-26T12:33:01","guid":{"rendered":"https:\/\/www.herreradelduque.com\/?p=5682864"},"modified":"2022-01-26T13:33:01","modified_gmt":"2022-01-26T12:33:01","slug":"pleno-municipal-27-de-enero-2022","status":"publish","type":"post","link":"https:\/\/www.herreradelduque.com\/en\/pleno-municipal-27-de-enero-2022\/","title":{"rendered":"Pleno Municipal 27 de enero 2022"},"content":{"rendered":"<p>Consulta el orden del d\u00eda de este pleno<!--more--><\/p>\n<p><b>PLENO ORDINARIO\u00a0<\/b><\/p>\n<ul>\n<li><span style=\"font-weight: 400;\">D\u00eda.- 27 de enero de 2022<\/span><\/li>\n<li><span style=\"font-weight: 400;\">Hora.- 10.00\u00a0<\/span><\/li>\n<li><span style=\"font-weight: 400;\">Lugar.- SAL\u00d3N DE PLENOS\u00a0<\/span><\/li>\n<\/ul>\n<p><b>ORDEN DEL D\u00cdA<\/b><\/p>\n<ol>\n<li style=\"font-weight: 400;\" aria-level=\"1\"><span style=\"font-weight: 400;\">Aprobaci\u00f3n del acta de la sesi\u00f3n anterior.\u00a0<\/span><\/li>\n<li style=\"font-weight: 400;\" aria-level=\"1\"><span style=\"font-weight: 400;\">Toma de conocimiento de la renuncia a la condici\u00f3n de Concejal de Do\u00f1a \u00c1ngeles Toledo Calder\u00f3n.\u00a0<\/span><\/li>\n<li style=\"font-weight: 400;\" aria-level=\"1\"><span style=\"font-weight: 400;\">Aprobaci\u00f3n, si procede, de la modificaci\u00f3n de las dedicaciones de los miembros de la Corporaci\u00f3n.\u00a0<\/span><\/li>\n<li style=\"font-weight: 400;\" aria-level=\"1\"><span style=\"font-weight: 400;\">Adjudicaci\u00f3n, si procede, del arrendamiento del inmueble &#8220;Club N\u00e1utico el Espol\u00f3n&#8221;.\u00a0<\/span><\/li>\n<li style=\"font-weight: 400;\" aria-level=\"1\"><span style=\"font-weight: 400;\">Adjudicaci\u00f3n, si procede, del arrendamiento del inmueble &#8220;Cafeter\u00eda del Bar del Palacio de la Cultura&#8221;.<\/span><\/li>\n<li style=\"font-weight: 400;\" aria-level=\"1\"><span style=\"font-weight: 400;\">Aprobaci\u00f3n, si procede, del expediente de modificaci\u00f3n n\u00ba 4 del Plan General de Ordenaci\u00f3n Urbana.\u00a0<\/span><\/li>\n<li style=\"font-weight: 400;\" aria-level=\"1\"><span style=\"font-weight: 400;\">Resoluci\u00f3n de alegaciones, y aprobaci\u00f3n, si procede, del proyecto de &#8220;Ampliaci\u00f3n del Cementerio Municipal&#8221;.\u00a0<\/span><\/li>\n<li style=\"font-weight: 400;\" aria-level=\"1\"><span style=\"font-weight: 400;\">Moci\u00f3n que presenta el Grupo Socialista, relativa a la Reforma Laboral de 2022.\u00a0<\/span><\/li>\n<li style=\"font-weight: 400;\" aria-level=\"1\"><span style=\"font-weight: 400;\">\u00a0Asuntos urgentes<\/span><\/li>\n<li style=\"font-weight: 400;\" aria-level=\"1\"><span style=\"font-weight: 400;\">Ruegos y preguntas.\u00a0<\/span><\/li>\n<li style=\"font-weight: 400;\" aria-level=\"1\"><span style=\"font-weight: 400;\">Informes y Decretos de Alcald\u00eda.<\/span><\/li>\n<\/ol>\n","protected":false},"excerpt":{"rendered":"<p>Consulta el orden del d&iacute;a de este pleno<\/p>\n","protected":false},"author":1,"featured_media":5681515,"comment_status":"closed","ping_status":"closed","sticky":false,"template":"","format":"standard","meta":[],"categories":[19],"tags":[],"_links":{"self":[{"href":"https:\/\/www.herreradelduque.com\/en\/wp-json\/wp\/v2\/posts\/5682864"}],"collection":[{"href":"https:\/\/www.herreradelduque.com\/en\/wp-json\/wp\/v2\/posts"}],"about":[{"href":"https:\/\/www.herreradelduque.com\/en\/wp-json\/wp\/v2\/types\/post"}],"author":[{"embeddable":true,"href":"https:\/\/www.herreradelduque.com\/en\/wp-json\/wp\/v2\/users\/1"}],"replies":[{"embeddable":true,"href":"https:\/\/www.herreradelduque.com\/en\/wp-json\/wp\/v2\/comments?post=5682864"}],"version-history":[{"count":1,"href":"https:\/\/www.herreradelduque.com\/en\/wp-json\/wp\/v2\/posts\/5682864\/revisions"}],"predecessor-version":[{"id":5682865,"href":"https:\/\/www.herreradelduque.com\/en\/wp-json\/wp\/v2\/posts\/5682864\/revisions\/5682865"}],"wp:featuredmedia":[{"embeddable":true,"href":"https:\/\/www.herreradelduque.com\/en\/wp-json\/wp\/v2\/media\/5681515"}],"wp:attachment":[{"href":"https:\/\/www.herreradelduque.com\/en\/wp-json\/wp\/v2\/media?parent=5682864"}],"wp:term":[{"taxonomy":"category","embeddable":true,"href":"https:\/\/www.herreradelduque.com\/en\/wp-json\/wp\/v2\/categories?post=5682864"},{"taxonomy":"post_tag","embeddable":true,"href":"https:\/\/www.herreradelduque.com\/en\/wp-json\/wp\/v2\/tags?post=5682864"}],"curies":[{"name":"wp","href":"https:\/\/api.w.org\/{rel}","templated":true}]}}