{"id":5684003,"date":"2022-03-29T10:18:49","date_gmt":"2022-03-29T08:18:49","guid":{"rendered":"https:\/\/www.herreradelduque.com\/?p=5684003"},"modified":"2022-03-29T10:18:49","modified_gmt":"2022-03-29T08:18:49","slug":"pleno-ordinario-31-de-marzo-de-2022","status":"publish","type":"post","link":"https:\/\/www.herreradelduque.com\/en\/pleno-ordinario-31-de-marzo-de-2022\/","title":{"rendered":"Pleno Ordinario 31 de marzo de 2022"},"content":{"rendered":"<p>Consulta el orden del d\u00eda de este pleno ordinario<!--more--><\/p>\n<p><b>PLENO ORDINARIO\u00a0<\/b><\/p>\n<ul>\n<li><span style=\"font-weight: 400;\">D\u00eda.- 31 de marzo de 2022<\/span><\/li>\n<li><span style=\"font-weight: 400;\">Hora.- 20.00\u00a0<\/span><\/li>\n<li><span style=\"font-weight: 400;\">Lugar.- SAL\u00d3N DE PLENOS\u00a0<\/span><\/li>\n<\/ul>\n<p><b>ORDEN DEL D\u00cdA<\/b><\/p>\n<ol>\n<li style=\"font-weight: 400;\" aria-level=\"1\"><span style=\"font-weight: 400;\">Toma de posesi\u00f3n como Concejala de Do\u00f1a Juliana Muga Herrera.\u00a0<\/span><\/li>\n<li style=\"font-weight: 400;\" aria-level=\"1\"><span style=\"font-weight: 400;\">Aprobaci\u00f3n del acta de la sesi\u00f3n anterior.\u00a0<\/span><\/li>\n<li style=\"font-weight: 400;\" aria-level=\"1\"><span style=\"font-weight: 400;\">Aprobaci\u00f3n definitiva, si procede, de la Modificaci\u00f3n n\u00ba 4 del Plan General de Ordenaci\u00f3n Urbana.\u00a0<\/span><\/li>\n<li style=\"font-weight: 400;\" aria-level=\"1\"><span style=\"font-weight: 400;\">Aprobaci\u00f3n, si procede, expedientes de restauraci\u00f3n de la legalidad urban\u00edstica.\u00a0<\/span><\/li>\n<li style=\"font-weight: 400;\" aria-level=\"1\"><span style=\"font-weight: 400;\">Aprobaci\u00f3n, si procede, de la adenda al convenio de prestaci\u00f3n del servicio de gesti\u00f3n y recaudaci\u00f3n de multas por infracci\u00f3n a la ley sobre tr\u00e1fico, circulaci\u00f3n de veh\u00edculos a motor y seguridad vial.\u00a0<\/span><\/li>\n<li style=\"font-weight: 400;\" aria-level=\"1\"><span style=\"font-weight: 400;\">Aprobaci\u00f3n, si procede, aportaci\u00f3n Presupuesto Mancomunidad de Servicios &#8220;Cijara&#8221; para el ejercicio 2022.\u00a0<\/span><\/li>\n<li style=\"font-weight: 400;\" aria-level=\"1\"><span style=\"font-weight: 400;\">Aprobaci\u00f3n, si procede, de la adhesi\u00f3n a la &#8220;Declaraci\u00f3n de Valladolid&#8221;: el compromiso de las ciudades por la econom\u00eda verde circular.\u00a0<\/span><\/li>\n<li style=\"font-weight: 400;\" aria-level=\"1\"><span style=\"font-weight: 400;\">Adhesi\u00f3n, si procede, a la propuesta del Excmo. Ayuntamiento de Moraleja para la concesi\u00f3n de declaraci\u00f3n de Fiesta de Inter\u00e9s Regional por la Junta de Extremadura a las Fiestas Patronales de San Buenaventura.\u00a0<\/span><\/li>\n<li style=\"font-weight: 400;\" aria-level=\"1\"><span style=\"font-weight: 400;\">Aprobaci\u00f3n, si procede, declaraci\u00f3n institucional de la Femp condenando la agresi\u00f3n de la Federaci\u00f3n Rusa a Ucrania.\u00a0<\/span><\/li>\n<li style=\"font-weight: 400;\" aria-level=\"1\"><span style=\"font-weight: 400;\">Aprobaci\u00f3n si procede, propuesta del Ayuntamiento de Ribera del Fresno, de concesi\u00f3n de la Medalla de Extremadura a D. Joaquin Masa.\u00a0<\/span><\/li>\n<li style=\"font-weight: 400;\" aria-level=\"1\"><span style=\"font-weight: 400;\">Asuntos urgentes.<\/span><\/li>\n<li style=\"font-weight: 400;\" aria-level=\"1\"><span style=\"font-weight: 400;\">Ruegos y Preguntas.<\/span><\/li>\n<li style=\"font-weight: 400;\" aria-level=\"1\"><span style=\"font-weight: 400;\">Informes y Decretos de Alcald\u00eda.<\/span><\/li>\n<\/ol>\n<p>&nbsp;<\/p>\n","protected":false},"excerpt":{"rendered":"<p>Consulta el orden del d&iacute;a de este pleno ordinario<\/p>\n","protected":false},"author":1,"featured_media":5684004,"comment_status":"closed","ping_status":"closed","sticky":false,"template":"","format":"standard","meta":[],"categories":[19],"tags":[],"_links":{"self":[{"href":"https:\/\/www.herreradelduque.com\/en\/wp-json\/wp\/v2\/posts\/5684003"}],"collection":[{"href":"https:\/\/www.herreradelduque.com\/en\/wp-json\/wp\/v2\/posts"}],"about":[{"href":"https:\/\/www.herreradelduque.com\/en\/wp-json\/wp\/v2\/types\/post"}],"author":[{"embeddable":true,"href":"https:\/\/www.herreradelduque.com\/en\/wp-json\/wp\/v2\/users\/1"}],"replies":[{"embeddable":true,"href":"https:\/\/www.herreradelduque.com\/en\/wp-json\/wp\/v2\/comments?post=5684003"}],"version-history":[{"count":1,"href":"https:\/\/www.herreradelduque.com\/en\/wp-json\/wp\/v2\/posts\/5684003\/revisions"}],"predecessor-version":[{"id":5684006,"href":"https:\/\/www.herreradelduque.com\/en\/wp-json\/wp\/v2\/posts\/5684003\/revisions\/5684006"}],"wp:featuredmedia":[{"embeddable":true,"href":"https:\/\/www.herreradelduque.com\/en\/wp-json\/wp\/v2\/media\/5684004"}],"wp:attachment":[{"href":"https:\/\/www.herreradelduque.com\/en\/wp-json\/wp\/v2\/media?parent=5684003"}],"wp:term":[{"taxonomy":"category","embeddable":true,"href":"https:\/\/www.herreradelduque.com\/en\/wp-json\/wp\/v2\/categories?post=5684003"},{"taxonomy":"post_tag","embeddable":true,"href":"https:\/\/www.herreradelduque.com\/en\/wp-json\/wp\/v2\/tags?post=5684003"}],"curies":[{"name":"wp","href":"https:\/\/api.w.org\/{rel}","templated":true}]}}