{"id":5684516,"date":"2022-04-26T13:33:22","date_gmt":"2022-04-26T11:33:22","guid":{"rendered":"https:\/\/www.herreradelduque.com\/?p=5684516"},"modified":"2022-04-26T13:33:22","modified_gmt":"2022-04-26T11:33:22","slug":"pleno-ordinario-28-de-abril-de-2022","status":"publish","type":"post","link":"https:\/\/www.herreradelduque.com\/en\/pleno-ordinario-28-de-abril-de-2022\/","title":{"rendered":"Pleno ordinario 28 de abril de 2022"},"content":{"rendered":"<p>Consulta el orden del d\u00eda de este pleno ordinario del 28 de abril<!--more--><\/p>\n<p><b>PLENO ORDINARIO\u00a0<\/b><\/p>\n<ul>\n<li><span style=\"font-weight: 400;\">D\u00eda.- 28 de abril de 2022\u00a0<\/span><\/li>\n<li><span style=\"font-weight: 400;\">Hora.- 10.00\u00a0<\/span><\/li>\n<li><span style=\"font-weight: 400;\">Lugar.- SAL\u00d3N DE PLENOS\u00a0<\/span><\/li>\n<\/ul>\n<p><b>ORDEN DEL D\u00cdA<\/b><\/p>\n<ol>\n<li style=\"font-weight: 400;\" aria-level=\"1\"><span style=\"font-weight: 400;\">Aprobaci\u00f3n del acta de la sesi\u00f3n anterior\u00a0<\/span><\/li>\n<li style=\"font-weight: 400;\" aria-level=\"1\"><span style=\"font-weight: 400;\">Aprobaci\u00f3n definitiva, si procede, de modificaciones al Plan General de Ordenaci\u00f3n Urbana.\u00a0<\/span><\/li>\n<li style=\"font-weight: 400;\" aria-level=\"1\"><span style=\"font-weight: 400;\">Aprobaci\u00f3n, si procede, propuesta de otorgamiento de Honores y Distinciones.\u00a0<\/span><\/li>\n<li style=\"font-weight: 400;\" aria-level=\"1\"><span style=\"font-weight: 400;\">Aprobaci\u00f3n, si procede, encomienda de gesti\u00f3n y adhesi\u00f3n al Convenio Regulador con el Organismo Aut\u00f3nomo de Recaudaci\u00f3n y Gesti\u00f3n Tributaria de la Diputaci\u00f3n de Badajoz.\u00a0<\/span><\/li>\n<li style=\"font-weight: 400;\" aria-level=\"1\"><span style=\"font-weight: 400;\">Aprobaci\u00f3n, si procede, propuesta concesi\u00f3n Medalla de Extremadura, a Valeriano Ru\u00edz Hern\u00e1ndez.\u00a0<\/span><\/li>\n<li style=\"font-weight: 400;\" aria-level=\"1\"><span style=\"font-weight: 400;\">\u00a0Asuntos Urgentes<\/span><\/li>\n<li style=\"font-weight: 400;\" aria-level=\"1\"><span style=\"font-weight: 400;\">Dar cuenta de la liquidaci\u00f3n del ejercicio 2021.<\/span><\/li>\n<li style=\"font-weight: 400;\" aria-level=\"1\"><span style=\"font-weight: 400;\">\u00a0Ruegos y preguntas.<\/span><\/li>\n<li style=\"font-weight: 400;\" aria-level=\"1\"><span style=\"font-weight: 400;\">Informes y Decretos de Alcald\u00eda.<\/span><\/li>\n<\/ol>\n","protected":false},"excerpt":{"rendered":"<p>Consulta el orden del d&iacute;a de este pleno ordinario del 28 de abril<\/p>\n","protected":false},"author":1,"featured_media":5684517,"comment_status":"closed","ping_status":"closed","sticky":false,"template":"","format":"standard","meta":[],"categories":[19],"tags":[],"_links":{"self":[{"href":"https:\/\/www.herreradelduque.com\/en\/wp-json\/wp\/v2\/posts\/5684516"}],"collection":[{"href":"https:\/\/www.herreradelduque.com\/en\/wp-json\/wp\/v2\/posts"}],"about":[{"href":"https:\/\/www.herreradelduque.com\/en\/wp-json\/wp\/v2\/types\/post"}],"author":[{"embeddable":true,"href":"https:\/\/www.herreradelduque.com\/en\/wp-json\/wp\/v2\/users\/1"}],"replies":[{"embeddable":true,"href":"https:\/\/www.herreradelduque.com\/en\/wp-json\/wp\/v2\/comments?post=5684516"}],"version-history":[{"count":1,"href":"https:\/\/www.herreradelduque.com\/en\/wp-json\/wp\/v2\/posts\/5684516\/revisions"}],"predecessor-version":[{"id":5684519,"href":"https:\/\/www.herreradelduque.com\/en\/wp-json\/wp\/v2\/posts\/5684516\/revisions\/5684519"}],"wp:featuredmedia":[{"embeddable":true,"href":"https:\/\/www.herreradelduque.com\/en\/wp-json\/wp\/v2\/media\/5684517"}],"wp:attachment":[{"href":"https:\/\/www.herreradelduque.com\/en\/wp-json\/wp\/v2\/media?parent=5684516"}],"wp:term":[{"taxonomy":"category","embeddable":true,"href":"https:\/\/www.herreradelduque.com\/en\/wp-json\/wp\/v2\/categories?post=5684516"},{"taxonomy":"post_tag","embeddable":true,"href":"https:\/\/www.herreradelduque.com\/en\/wp-json\/wp\/v2\/tags?post=5684516"}],"curies":[{"name":"wp","href":"https:\/\/api.w.org\/{rel}","templated":true}]}}