{"id":5684572,"date":"2022-04-29T09:23:22","date_gmt":"2022-04-29T07:23:22","guid":{"rendered":"https:\/\/www.herreradelduque.com\/?p=5684572"},"modified":"2022-04-29T09:28:12","modified_gmt":"2022-04-29T07:28:12","slug":"cronica-pleno-28-04-2022","status":"publish","type":"post","link":"https:\/\/www.herreradelduque.com\/en\/cronica-pleno-28-04-2022\/","title":{"rendered":"Cr\u00f3nica pleno 28.04.2022"},"content":{"rendered":"<p>Consulta a cr\u00f3nica del pleno del 28 de abril de 2022<!--more--><\/p>\n<p class=\"s4\"><span class=\"s5\"><span class=\"bumpedFont15\">Esta ma\u00f1ana jueves <\/span><\/span><span class=\"s5\"><span class=\"bumpedFont15\">28 de abril s<\/span><\/span><span class=\"s5\"><span class=\"bumpedFont15\">e ha celebrado en el Sal\u00f3n de Plenos de nuestro Ayuntamiento la sesi\u00f3n plenaria correspondiente al mes de <\/span><\/span><span class=\"s5\"><span class=\"bumpedFont15\">abril<\/span><\/span><span class=\"s5\"><span class=\"bumpedFont15\">.<\/span><\/span><\/p>\n<p class=\"s7\"><span class=\"s5\"><span class=\"bumpedFont15\">En \u00e9l se ha debatido y aprobado asunto<\/span><\/span><span class=\"s5\"><span class=\"bumpedFont15\">s<\/span><\/span><span class=\"s5\"><span class=\"bumpedFont15\"> de transcendencia para nuestro municipio<\/span><\/span><span class=\"s5\"><span class=\"bumpedFont15\">,<\/span><\/span><span class=\"s5\"><span class=\"bumpedFont15\"> como la <\/span><\/span><span class=\"s5\"><span class=\"bumpedFont15\">aprobaci\u00f3n<\/span><\/span><span class=\"s6\"><span class=\"bumpedFont15\"> definitiva<\/span><\/span><span class=\"s6\"><span class=\"bumpedFont15\">, de forma un\u00e1nime, <\/span><\/span><span class=\"s6\"><span class=\"bumpedFont15\">de las modificaciones al Plan General de Ordenaci\u00f3n Urbana, que van a permitir finalizar el proceso administrativo de las modificaciones del PGOU, por dos cuestiones fundamentales, en las que se habilita un frente de 5 metros de fachada en las parcelas urbanas para poder construir, y habilitar suelo dotacional para que nuestro Ayuntamiento se reserve las actuaciones de la mejora <\/span><\/span><span class=\"s6\"><span class=\"bumpedFont15\">de espacios para el disfrute de la ciudadan\u00eda.<\/span><\/span><\/p>\n<p class=\"s7\"><span class=\"s6\"><span class=\"bumpedFont15\">Tambi\u00e9n se ha aprobado de forma un\u00e1nime por todos los grupos pol\u00edticos nombrar a nuestra Escuela Municipal de M\u00fasica como Escuela Municipal de M\u00fasica, Felipe Vaquerizo Garc\u00eda. Un reconocimiento que se le hace a este distinguido vecino poniendo en valor su trayectoria <\/span><\/span><span class=\"s6\"><span class=\"bumpedFont15\">p<\/span><\/span><span class=\"s6\"><span class=\"bumpedFont15\">or su contribuci\u00f3n a la vida cultural y social en Herrera a trav\u00e9s de la m\u00fasica. Por esto se ha considerado, seg\u00fan palabras del alcalde, que nadie mejor para levar su nombre.<\/span><\/span><\/p>\n<p class=\"s7\"><span class=\"s5\"><span class=\"bumpedFont15\">El pleno tambi\u00e9n ha aprobado de forma un\u00e1nime la <\/span><\/span><span class=\"s6\"><span class=\"bumpedFont15\">propuesta concesi\u00f3n Medalla de Extremadura, a Valeriano Ru\u00edz Hern\u00e1ndez.<\/span><\/span><\/p>\n<p class=\"s7\"><span class=\"s6\"><span class=\"bumpedFont15\">El plenario ha <\/span><\/span><span class=\"s6\"><span class=\"bumpedFont15\">aprobado la <\/span><\/span><span class=\"s6\"><span class=\"bumpedFont15\">encomienda de gesti\u00f3n y adhesi\u00f3n al Convenio Regulador con el Organismo Aut\u00f3nomo de Recaudaci\u00f3n y Gesti\u00f3n Tributa<\/span><\/span><span class=\"s6\"><span class=\"bumpedFont15\">ria de la Diputaci\u00f3n de Badajoz.<\/span><\/span><\/p>\n<p class=\"s7\"><span class=\"s6\"><span class=\"bumpedFont15\">Se ha dado cuenta de la liquidaci\u00f3n del ejercicio 2021, en la que se ha puesto de manifiesto que la situaci\u00f3n financiera de nuestro Ayuntmaiento goza de buena salud<\/span><\/span><span class=\"s6\"><span class=\"bumpedFont15\">un a\u00f1o m\u00e1s<\/span><\/span><span class=\"s6\"><span class=\"bumpedFont15\">, tal y como ha subrayado el Portavoz del Grupo Municipal Socialista, Javier <\/span><\/span><span class=\"s6\"><span class=\"bumpedFont15\">Valad\u00e9s<\/span><\/span><span class=\"s6\"><span class=\"bumpedFont15\"> Rodr\u00edguez, en la que ha destacado que en el a\u00f1o 2021, un a\u00f1o<\/span><\/span><span class=\"s6\"><span class=\"bumpedFont15\"> complejo, se ha ejecutado el 83% de este presupuesto. Se cierra la cuenta de 2021 con el 97% de ejecuci\u00f3n para las cuant\u00edas referentes al empleo en nuestro municipio. Cinco de cada 10 euros invertidos en el presupuesto de 2021se ha destinado en empleo y actividad empresarial. El remanente de Tesorer\u00eda con el que se ha cerrado 2021 \u00a0asciende a 1.600.000 \u20ac.<\/span><\/span><\/p>\n<p class=\"s7\"><span class=\"s6\"><span class=\"bumpedFont15\">Con respecto a los informes de alcald\u00eda, nuestro alcalde, Saturnino Alc\u00e1zar Vaquerizo ha hecho un repaso a los \u00faltimos acontecimientos en la que felicitado a las Cofrad\u00edas la buena organizaci\u00f3n de esta Semana Santa.<\/span><\/span><\/p>\n<p class=\"s7\"><span class=\"s6\"><span class=\"bumpedFont15\">Ha manifestado que este fin de semana se va a celebrar la Romer\u00eda de la Virgen del Espino en <\/span><\/span><span class=\"s6\"><span class=\"bumpedFont15\">Peloche<\/span><\/span><span class=\"s6\"><span class=\"bumpedFont15\">, y de la Celebraci\u00f3n de la Ruta de la Tapa, dando un espaldarazo al sector econ\u00f3mico de nuestro municipio.<\/span><\/span><\/p>\n<p class=\"s7\"><span class=\"s6\"><span class=\"bumpedFont15\">Nuestro alcalde, ha recordado que a mitad de mayo, del 12 al 15 de mayo se celebrar\u00e1 la Feria Ganadera y <\/span><\/span><span class=\"s6\"><span class=\"bumpedFont15\">Agrotur\u00edstica<\/span><\/span><span class=\"s6\"><span class=\"bumpedFont15\">, recuperando la <\/span><\/span><span class=\"s6\"><span class=\"bumpedFont15\">presencialidad<\/span><\/span><span class=\"s6\"><span class=\"bumpedFont15\"> tan necesaria, y que se ha convertido en una referencia no solo comarcal.<\/span><\/span><\/p>\n<p class=\"s7\"><span class=\"s6\"><span class=\"bumpedFont15\">Ha repasado los \u00faltimos d\u00edas, con la visita que hizo el Presidente de la Diputaci\u00f3n de Badajoz, Miguel <\/span><\/span><span class=\"s6\"><span class=\"bumpedFont15\">\u00c1ngel<\/span><\/span><span class=\"s6\"><span class=\"bumpedFont15\">Gallardo<\/span><\/span><span class=\"s6\"><span class=\"bumpedFont15\"> para inaugurar el nuevo Parque de Bomberos con la inversi\u00f3n de <\/span><\/span><span class=\"s6\"><span class=\"bumpedFont15\">m\u00e1s<\/span><\/span><span class=\"s6\"><span class=\"bumpedFont15\"> de 1 <\/span><\/span><span class=\"s6\"><span class=\"bumpedFont15\">mill\u00f3n<\/span><\/span><span class=\"s6\"><span class=\"bumpedFont15\"> de euros, <\/span><\/span><span class=\"s6\"><span class=\"bumpedFont15\">as\u00ed<\/span><\/span><span class=\"s6\"><span class=\"bumpedFont15\"> como la visita del inicio de las obras de la carretera El <\/span><\/span><span class=\"s6\"><span class=\"bumpedFont15\">Bohonal-Villarta<\/span><\/span><span class=\"s6\"><span class=\"bumpedFont15\"> con la inversi\u00f3n de <\/span><\/span><span class=\"s6\"><span class=\"bumpedFont15\">m\u00e1s<\/span><\/span><span class=\"s6\"><span class=\"bumpedFont15\"> de 10 millones de euros que hace justicia a las necesidades de nuestra comarca.<\/span><\/span><\/p>\n<p class=\"s7\"><span class=\"s6\"><span class=\"bumpedFont15\">Ha concluido la sesi\u00f3n plenaria destacando que la Junta de Extremadura junto con las Diputaciones de Badajoz \u00a0y C\u00e1ceres de la inversi\u00f3n de m\u00e1s de 73,9 millones de euros en un Plan para personas dependientes y que se va a construir un nuevo Centro de Convalecencia en nuestro municipio, de los 8 que se prev\u00e9n en Extremadura, sin duda una buena noticia para las personas mayores, dependientes y para el empleo. Con este plan regional se va aumentar en 590 plazas m\u00e1s<\/span><\/span><span class=\"s6\"><span class=\"bumpedFont15\"> de residencia en toda Extremadura.<\/span><\/span><\/p>\n<p class=\"s7\"><span class=\"s6\"><span class=\"bumpedFont15\">Con respecto al nuevo Centro de Convalecencia<\/span><\/span><span class=\"s6\"><span class=\"bumpedFont15\">, <\/span><\/span><span class=\"s6\"><span class=\"bumpedFont15\">que se va a construir<\/span><\/span><span class=\"s6\"><span class=\"bumpedFont15\"> en nuestro municipio, con una inversi\u00f3n de unos 5 millones de euros y que <\/span><\/span><span class=\"s6\"><span class=\"bumpedFont15\">va a tener tres \u00e1reas funcionales, en el que el primero <\/span><\/span><span class=\"s6\"><span class=\"bumpedFont15\">de convivencia <\/span><\/span><span class=\"s6\"><span class=\"bumpedFont15\">dotado con 24 camas<\/span><\/span><span class=\"s6\"><span class=\"bumpedFont15\"> de convivencia, otra<\/span><\/span><span class=\"s6\"><span class=\"bumpedFont15\"> \u00e1rea convalecencia &#8211; terap\u00e9utica \u00a0con 30 plazas y un<\/span><\/span><span class=\"s6\"><span class=\"bumpedFont15\">a \u00faltima<\/span><\/span><span class=\"s6\"><span class=\"bumpedFont15\"> \u00a0<\/span><\/span><span class=\"s6\"><span class=\"bumpedFont15\">\u00e1rea<\/span><\/span> <span class=\"s6\"><span class=\"bumpedFont15\">unidad de demencia y recuperaci\u00f3n con 20 camas. <\/span><\/span><span class=\"s6\"><span class=\"bumpedFont15\">Con un total de 74 plazas. <\/span><\/span><span class=\"s6\"><span class=\"bumpedFont15\">La construcci\u00f3n comenzar\u00e1 en el a\u00f1o 2023 y su puesta en marcha deber\u00e1 estar funcionando en 2026.<\/span><\/span><\/p>\n<p class=\"s7\"><span class=\"s6\"><span class=\"bumpedFont15\">El impacto con respecto a la creaci\u00f3n de empleo, va a permitir la creaci\u00f3n directa de 40 a 50 puestos de trabajo, lo que va a permitir luchar contra la despoblaci\u00f3n.<\/span><\/span><\/p>\n<p class=\"s7\"><span class=\"s6\"><span class=\"bumpedFont15\">Para finalizar el alcalde ha agradecido las palabras de felicitaci\u00f3n del Grupo Municipal Popular por esta noticia.<\/span><\/span><\/p>\n","protected":false},"excerpt":{"rendered":"<p>Consulta a cr&oacute;nica del pleno del 28 de abril de 2022<\/p>\n","protected":false},"author":1,"featured_media":5684573,"comment_status":"closed","ping_status":"closed","sticky":false,"template":"","format":"standard","meta":[],"categories":[19],"tags":[],"_links":{"self":[{"href":"https:\/\/www.herreradelduque.com\/en\/wp-json\/wp\/v2\/posts\/5684572"}],"collection":[{"href":"https:\/\/www.herreradelduque.com\/en\/wp-json\/wp\/v2\/posts"}],"about":[{"href":"https:\/\/www.herreradelduque.com\/en\/wp-json\/wp\/v2\/types\/post"}],"author":[{"embeddable":true,"href":"https:\/\/www.herreradelduque.com\/en\/wp-json\/wp\/v2\/users\/1"}],"replies":[{"embeddable":true,"href":"https:\/\/www.herreradelduque.com\/en\/wp-json\/wp\/v2\/comments?post=5684572"}],"version-history":[{"count":2,"href":"https:\/\/www.herreradelduque.com\/en\/wp-json\/wp\/v2\/posts\/5684572\/revisions"}],"predecessor-version":[{"id":5684576,"href":"https:\/\/www.herreradelduque.com\/en\/wp-json\/wp\/v2\/posts\/5684572\/revisions\/5684576"}],"wp:featuredmedia":[{"embeddable":true,"href":"https:\/\/www.herreradelduque.com\/en\/wp-json\/wp\/v2\/media\/5684573"}],"wp:attachment":[{"href":"https:\/\/www.herreradelduque.com\/en\/wp-json\/wp\/v2\/media?parent=5684572"}],"wp:term":[{"taxonomy":"category","embeddable":true,"href":"https:\/\/www.herreradelduque.com\/en\/wp-json\/wp\/v2\/categories?post=5684572"},{"taxonomy":"post_tag","embeddable":true,"href":"https:\/\/www.herreradelduque.com\/en\/wp-json\/wp\/v2\/tags?post=5684572"}],"curies":[{"name":"wp","href":"https:\/\/api.w.org\/{rel}","templated":true}]}}