{"id":5685412,"date":"2022-06-06T14:53:18","date_gmt":"2022-06-06T12:53:18","guid":{"rendered":"https:\/\/www.herreradelduque.com\/?p=5685412"},"modified":"2022-06-06T14:55:09","modified_gmt":"2022-06-06T12:55:09","slug":"la-playa-de-peloche-ya-cuenta-con-su-bandera-azul","status":"publish","type":"post","link":"https:\/\/www.herreradelduque.com\/en\/la-playa-de-peloche-ya-cuenta-con-su-bandera-azul\/","title":{"rendered":"La playa de Peloche ya cuenta con su bandera azul"},"content":{"rendered":"<div class=\"entry\">\n<p>La consejera de Cultura, Turismo y Deportes, Nuria Flores Redondo, ha asistido al acto de izado de la bandera azul para la temporada de ba\u00f1o 2022 en la playa de Peloche de Herrera del Duque.<\/p>\n<\/div>\n<p><!--more--><\/p>\n<p>Un acto que ha contado con la participaci\u00f3n del director general de Turismo, Francisco Mart\u00edn Sim\u00f3n, el alcalde de la localidad, Saturnino Alc\u00e1zar Vaquerizo, y el diputado de Transformaci\u00f3n Digital y Turismo de la Diputaci\u00f3n de Badajoz, Manuel Jos\u00e9 Gonz\u00e1lez Andrade, entre otros.<\/p>\n<p>El acto se ha completado con el descubrimiento de una placa conmemorativa y la actuaci\u00f3n musical de la cantaora Celia Romero.<\/p>\n<p>Tras conocerse que Extremadura es la regi\u00f3n con m\u00e1s banderas azules en playas continentales, Redondo ha felicitado a los alcaldes de los diferentes municipios y les agradece el trabajo realizado para conseguir una Extremadura m\u00e1s competente en materia de sostenibilidad tur\u00edstica.<\/p>\n<p>\u201cCelebramos la buena noticia de la concesi\u00f3n de las nuevas banderas azules. Somos la Comunidad Aut\u00f3noma con m\u00e1s kil\u00f3metros de agua dulce. Llevamos muchos a\u00f1os trabajando por tener unas playas de interior sostenibles, accesibles y seguras. Este hito tambi\u00e9n supone la consolidaci\u00f3n de Extremadura como destino de interior\u201d, asegura la consejera.<\/p>\n<p>FUENTE: <a href=\"https:\/\/www.extremadura7dias.com\/noticia\/la-playa-de-peloche-ya-cuenta-con-su-bandera-azul\" target=\"_blank\" rel=\"noopener\">Extremadura 7 D\u00edas<\/a><\/p>\n","protected":false},"excerpt":{"rendered":"<p>La consejera de Cultura, Turismo y Deportes, Nuria Flores Redondo, ha asistido al acto&#8230;<\/p>\n","protected":false},"author":1,"featured_media":5685413,"comment_status":"closed","ping_status":"closed","sticky":false,"template":"","format":"standard","meta":[],"categories":[177],"tags":[],"_links":{"self":[{"href":"https:\/\/www.herreradelduque.com\/en\/wp-json\/wp\/v2\/posts\/5685412"}],"collection":[{"href":"https:\/\/www.herreradelduque.com\/en\/wp-json\/wp\/v2\/posts"}],"about":[{"href":"https:\/\/www.herreradelduque.com\/en\/wp-json\/wp\/v2\/types\/post"}],"author":[{"embeddable":true,"href":"https:\/\/www.herreradelduque.com\/en\/wp-json\/wp\/v2\/users\/1"}],"replies":[{"embeddable":true,"href":"https:\/\/www.herreradelduque.com\/en\/wp-json\/wp\/v2\/comments?post=5685412"}],"version-history":[{"count":2,"href":"https:\/\/www.herreradelduque.com\/en\/wp-json\/wp\/v2\/posts\/5685412\/revisions"}],"predecessor-version":[{"id":5685416,"href":"https:\/\/www.herreradelduque.com\/en\/wp-json\/wp\/v2\/posts\/5685412\/revisions\/5685416"}],"wp:featuredmedia":[{"embeddable":true,"href":"https:\/\/www.herreradelduque.com\/en\/wp-json\/wp\/v2\/media\/5685413"}],"wp:attachment":[{"href":"https:\/\/www.herreradelduque.com\/en\/wp-json\/wp\/v2\/media?parent=5685412"}],"wp:term":[{"taxonomy":"category","embeddable":true,"href":"https:\/\/www.herreradelduque.com\/en\/wp-json\/wp\/v2\/categories?post=5685412"},{"taxonomy":"post_tag","embeddable":true,"href":"https:\/\/www.herreradelduque.com\/en\/wp-json\/wp\/v2\/tags?post=5685412"}],"curies":[{"name":"wp","href":"https:\/\/api.w.org\/{rel}","templated":true}]}}