{"id":5685417,"date":"2022-06-06T14:57:33","date_gmt":"2022-06-06T12:57:33","guid":{"rendered":"https:\/\/www.herreradelduque.com\/?p=5685417"},"modified":"2022-06-06T14:57:33","modified_gmt":"2022-06-06T12:57:33","slug":"la-playa-dulce-de-peloche-de-herrera-del-duque-ya-luce-su-bandera-azul","status":"publish","type":"post","link":"https:\/\/www.herreradelduque.com\/en\/la-playa-dulce-de-peloche-de-herrera-del-duque-ya-luce-su-bandera-azul\/","title":{"rendered":"La playa dulce de Peloche de Herrera del Duque ya luce su bandera azul"},"content":{"rendered":"<div class=\"heading bloque newsTitleLine\">\n<p>La noticia en Radio Interior<\/p>\n<\/div>\n<p><!--more--><\/p>\n<p>La consejera de Cultura, Turismo y Deportes, Nuria Flores Redondo, ha asistido al acto de izado de la bandera azul para la temporada de ba\u00f1o 2022 en la playa de Peloche de Herrera del Duque.<\/p>\n<p>Seg\u00fan la Junta de Extremadura, ha sido un acto que ha contado con la participaci\u00f3n del director general de Turismo, Francisco Mart\u00edn Sim\u00f3n, el alcalde de la localidad, Saturnino Alc\u00e1zar Vaquerizo, y el diputado de Transformaci\u00f3n Digital y Turismo de la Diputaci\u00f3n de Badajoz, Manuel Jos\u00e9 Gonz\u00e1lez Andrade, entre otros.<\/p>\n<p>El acto se ha completado con el descubrimiento de una placa conmemorativa y la actuaci\u00f3n musical de la cantaora Celia Romero<\/p>\n<p>&nbsp;<\/p>\n<div id=\"longDescription\" class=\"longDescription bloque clearfix\">\n<p>.<\/p>\n<\/div>\n","protected":false},"excerpt":{"rendered":"<p>La noticia en Radio Interior<\/p>\n","protected":false},"author":1,"featured_media":5685418,"comment_status":"closed","ping_status":"closed","sticky":false,"template":"","format":"standard","meta":[],"categories":[177],"tags":[],"_links":{"self":[{"href":"https:\/\/www.herreradelduque.com\/en\/wp-json\/wp\/v2\/posts\/5685417"}],"collection":[{"href":"https:\/\/www.herreradelduque.com\/en\/wp-json\/wp\/v2\/posts"}],"about":[{"href":"https:\/\/www.herreradelduque.com\/en\/wp-json\/wp\/v2\/types\/post"}],"author":[{"embeddable":true,"href":"https:\/\/www.herreradelduque.com\/en\/wp-json\/wp\/v2\/users\/1"}],"replies":[{"embeddable":true,"href":"https:\/\/www.herreradelduque.com\/en\/wp-json\/wp\/v2\/comments?post=5685417"}],"version-history":[{"count":1,"href":"https:\/\/www.herreradelduque.com\/en\/wp-json\/wp\/v2\/posts\/5685417\/revisions"}],"predecessor-version":[{"id":5685420,"href":"https:\/\/www.herreradelduque.com\/en\/wp-json\/wp\/v2\/posts\/5685417\/revisions\/5685420"}],"wp:featuredmedia":[{"embeddable":true,"href":"https:\/\/www.herreradelduque.com\/en\/wp-json\/wp\/v2\/media\/5685418"}],"wp:attachment":[{"href":"https:\/\/www.herreradelduque.com\/en\/wp-json\/wp\/v2\/media?parent=5685417"}],"wp:term":[{"taxonomy":"category","embeddable":true,"href":"https:\/\/www.herreradelduque.com\/en\/wp-json\/wp\/v2\/categories?post=5685417"},{"taxonomy":"post_tag","embeddable":true,"href":"https:\/\/www.herreradelduque.com\/en\/wp-json\/wp\/v2\/tags?post=5685417"}],"curies":[{"name":"wp","href":"https:\/\/api.w.org\/{rel}","templated":true}]}}