{"id":5687367,"date":"2022-07-08T11:07:50","date_gmt":"2022-07-08T09:07:50","guid":{"rendered":"https:\/\/www.herreradelduque.com\/?p=5687367"},"modified":"2022-07-08T11:07:50","modified_gmt":"2022-07-08T09:07:50","slug":"concurso-de-embellecimiento-de-calles","status":"publish","type":"post","link":"https:\/\/www.herreradelduque.com\/en\/concurso-de-embellecimiento-de-calles\/","title":{"rendered":"Concurso de embellecimiento de calles"},"content":{"rendered":"<p>Consulta las bases de este concurso popular<!--more--><\/p>\n<p>1. OBJETIVO- El Ayuntamiento de Herrera del Duque convoca el Concurso de Embellecimiento de Calles con el objeto de fomentar la participaci\u00f3n ciudadana en el embellecimiento y ornamentaci\u00f3n de las fachadas, calles, plazas y dem\u00e1s rincones singulares del municipio, haciendo c\u00f3mplices a los ciudadanos de la imagen del municipio. El objetivo es incentivar el cuidado y embellecimiento de nuestro pueblo, potenciar su atractivo tur\u00edstico, as\u00ed como representar el aspecto art\u00edstico y el car\u00e1cter tradicional, o la iluminaci\u00f3n.<\/p>\n<p>2. PARTICIPANTES- Podr\u00e1n participar en el Concurso todos los vecinos de la poblaci\u00f3n debiendo inscribirse de forma colectiva, reunidos por calles.<\/p>\n<p>3. FECHAS &#8211; La celebraci\u00f3n del Concurso tendr\u00e1 lugar el 9 de agosto, encarg\u00e1ndose los vecinos del montaje, cuidado, mantenimiento y recogida al finalizar.<\/p>\n<p>4. C\u00d3MO PARTICIPAR \u2013 La inscripci\u00f3n ser\u00e1 gratuita. Los interesados en participar podr\u00e1n apuntarse en las oficinas de la Universidad Popular (Palacio de la Cultura) en horario de 9 a 14 horas hasta el 5 de agosto de 2022.<\/p>\n<p>La inscripci\u00f3n se realizar\u00e1 en la correspondiente solicitud, donde se indicar\u00e1n los siguientes datos:<\/p>\n<p>a) Nombre de la calle, con todos los datos necesarios para su perfecta localizaci\u00f3n.<\/p>\n<p>b) Nombre de la persona que ostente la representatividad de la calle.<\/p>\n<p>c) DNI de la persona representante.<\/p>\n<p>d) N\u00famero de tel\u00e9fono de contacto.<\/p>\n<p>e) Direcci\u00f3n de correo electr\u00f3nico (en caso de tenerlo).<\/p>\n<p>f) Breve descripci\u00f3n de la ornamentaci\u00f3n que se realizar\u00e1.<\/p>\n<p>5. MONTAJE- La tem\u00e1tica, composici\u00f3n de elementos, o propuesta de ornamentaci\u00f3n de las fachadas, rincones y espacios p\u00fablicos ser\u00e1 ambientada en la \u00e9poca medieval entorno a In\u00e9s de Herrera. Teniendo presente la est\u00e9tica que nos define y manteniendo la tipolog\u00eda arquitect\u00f3nica tradicional de nuestros pueblos.<\/p>\n<p>Los elementos decorativos se ubicar\u00e1n sobre la calzada, las fachadas, huecos de ventana, balcones aprovechando el vuelo de las v\u00edas p\u00fablicas. En caso de realizar la ornamentaci\u00f3n aprovechando el vuelo de las v\u00edas p\u00fablicas (colocaci\u00f3n guirnaldas, farolillos, banderines, iluminaci\u00f3n&#8230;) se realizar\u00e1 a una altura m\u00ednima de 4\u20195 metros.<\/p>\n<p>6.- Las v\u00edas se cortar\u00e1n al tr\u00e1fico para el montaje de la calle, previa solicitud en el Ayuntamiento, y permanecer\u00e1n cortadas hasta la visita del jurado. En cualquier caso la concesi\u00f3n de los permisos para los cortes corresponden a la polic\u00eda previo estudio del tr\u00e1fico y ubicaci\u00f3n de la calle solicitada.<\/p>\n<p>7.- Se deber\u00e1n respetar las se\u00f1ales horizontales.<\/p>\n<p>8. PREMIO- Se establecen los siguientes premios:<\/p>\n<p>Primer premio: 800 euros.<br \/>\nAs\u00ed mismo, se har\u00e1 entrega a la calle ganadora de un galard\u00f3n escrito.<\/p>\n<p>Premio participantes: 1.000 euros a repartir entre las calles participantes.<\/p>\n<p>9. JURADO- El Jurado estar\u00e1 compuesto por miembros designados por las distintas Asociaciones Locales.<\/p>\n<p>Se puntuar\u00e1 de manera individual de 0 a 3 puntos la originalidad de la calle; as\u00ed como, el cuidado del entorno, la correcta pintura de puertas, rejas, balcones&#8230;, de 0-5 valoraci\u00f3n de los elementos introducidos (elementos arquitect\u00f3nicos, limpieza, ornamentaci\u00f3n con car\u00e1cter permanente, la instalaci\u00f3n de rincones t\u00edpicos) y de 0-2 impresi\u00f3n personal libre.<\/p>\n<p>10. FALLO- La valoraci\u00f3n del Jurado se realizar\u00e1 mediante la visita directa a cada una de las calles que se presenten, y el premio se entregar\u00e1 el d\u00eda 9 de agosto, debiendo asistir los premiados o alguno de sus representantes.<\/p>\n<p>El fallo del Jurado ser\u00e1 inapelable y, asimismo, se podr\u00e1 declarar desierto el premio si se considera oportuno.<\/p>\n<p>11.- El hecho de participar en el Concurso implica el conocimiento y la aceptaci\u00f3n de todas y cada una de estas bases.<\/p>\n<p>12.- El incumplimiento de alguna de las bases llevar\u00e1 impl\u00edcita la descalificaci\u00f3n en el Concurso y la p\u00e9rdida de los premios a que tuviera derecho.<\/p>\n<p>13.- Contaremos con una mayor presencia policial en las calles participantes, para evitar hurtos.<\/p>\n","protected":false},"excerpt":{"rendered":"<p>Consulta las bases de este concurso popular<\/p>\n","protected":false},"author":1,"featured_media":5666355,"comment_status":"closed","ping_status":"closed","sticky":false,"template":"","format":"standard","meta":[],"categories":[9],"tags":[],"_links":{"self":[{"href":"https:\/\/www.herreradelduque.com\/en\/wp-json\/wp\/v2\/posts\/5687367"}],"collection":[{"href":"https:\/\/www.herreradelduque.com\/en\/wp-json\/wp\/v2\/posts"}],"about":[{"href":"https:\/\/www.herreradelduque.com\/en\/wp-json\/wp\/v2\/types\/post"}],"author":[{"embeddable":true,"href":"https:\/\/www.herreradelduque.com\/en\/wp-json\/wp\/v2\/users\/1"}],"replies":[{"embeddable":true,"href":"https:\/\/www.herreradelduque.com\/en\/wp-json\/wp\/v2\/comments?post=5687367"}],"version-history":[{"count":1,"href":"https:\/\/www.herreradelduque.com\/en\/wp-json\/wp\/v2\/posts\/5687367\/revisions"}],"predecessor-version":[{"id":5687368,"href":"https:\/\/www.herreradelduque.com\/en\/wp-json\/wp\/v2\/posts\/5687367\/revisions\/5687368"}],"wp:featuredmedia":[{"embeddable":true,"href":"https:\/\/www.herreradelduque.com\/en\/wp-json\/wp\/v2\/media\/5666355"}],"wp:attachment":[{"href":"https:\/\/www.herreradelduque.com\/en\/wp-json\/wp\/v2\/media?parent=5687367"}],"wp:term":[{"taxonomy":"category","embeddable":true,"href":"https:\/\/www.herreradelduque.com\/en\/wp-json\/wp\/v2\/categories?post=5687367"},{"taxonomy":"post_tag","embeddable":true,"href":"https:\/\/www.herreradelduque.com\/en\/wp-json\/wp\/v2\/tags?post=5687367"}],"curies":[{"name":"wp","href":"https:\/\/api.w.org\/{rel}","templated":true}]}}