{"id":5692090,"date":"2022-11-09T12:12:10","date_gmt":"2022-11-09T11:12:10","guid":{"rendered":"https:\/\/www.herreradelduque.com\/?p=5692090"},"modified":"2022-11-09T12:13:05","modified_gmt":"2022-11-09T11:13:05","slug":"vii-gala-del-deporte-local-premios-y-bases","status":"publish","type":"post","link":"https:\/\/www.herreradelduque.com\/en\/vii-gala-del-deporte-local-premios-y-bases\/","title":{"rendered":"VII Gala del Deporte Local: premios y bases"},"content":{"rendered":"<p>El viernes 16 de diciembre se celebra la la nueva edici\u00f3n de la Gala del Deporte Local. Consulta las bases y premios. <!--more--><\/p>\n<p><b>BASES \u201cPREMIOS DEPORTE LOCAL 2022\u201d\u00a0<\/b><\/p>\n<p><b>VII GALA SOLIDARIA DEL DEPORTE LOCAL\u00a0<\/b><\/p>\n<p><b>1.- OBJETO\u00a0<\/b><\/p>\n<p><span style=\"font-weight: 400;\">1.1.- El Ayuntamiento de Herrera del Duque plantea premiar anualmente a aquellos\u00a0 deportistas, personas f\u00edsicas, entidades, clubes, etc., del municipio y vinculados a \u00e9ste,\u00a0 que han destacado de manera especial a lo largo de la \u00faltima temporada (2021\/2022).\u00a0<\/span><\/p>\n<p><span style=\"font-weight: 400;\">1.2.- El Ayuntamiento de Herrera del Duque convoca anualmente la GALA SOLIDARIA\u00a0 DEL DEPORTE LOCAL, para distinguir a las personas y entidades que m\u00e1s hayan\u00a0 destacado por su contribuci\u00f3n y promoci\u00f3n del deporte en la localidad.\u00a0<\/span><\/p>\n<p><span style=\"font-weight: 400;\">1.3.- El objetivo principal de este acto es reconocer p\u00fablicamente el esfuerzo, la\u00a0 dedicaci\u00f3n, la entrega y, en definitiva, los valores que el deporte comporta, as\u00ed como\u00a0 que sirvan de espejo para incentivar a los m\u00e1s peque\u00f1os y a la poblaci\u00f3n en general\u00a0 para la pr\u00e1ctica del deporte.\u00a0<\/span><\/p>\n<p><span style=\"font-weight: 400;\">1.4.- El fin de esta gala ser\u00e1 siempre solidario, y en esta ocasi\u00f3n, los beneficios ser\u00e1n\u00a0 destinados a la Asociaci\u00f3n Oncol\u00f3gica Extreme\u00f1a (AOEx).\u00a0<\/span><\/p>\n<p><b>2.- MODALIDADES DE LOS PREMIOS\u00a0<\/b><\/p>\n<p><span style=\"font-weight: 400;\">2.1.- Las categor\u00edas de los premios de referencia ser\u00e1n los que se detallan a\u00a0 continuaci\u00f3n, pudiendo incluir alg\u00fan premio nuevo, no establecido en las bases con la\u00a0 denominaci\u00f3n de premio o menci\u00f3n especial, cuando las circunstancias y el criterio del\u00a0 Jurado as\u00ed lo estime conveniente.\u00a0<\/span><\/p>\n<p><span style=\"font-weight: 400;\">2.2.- Los premios a conceder son los siguientes:\u00a0<\/span><\/p>\n<p><span style=\"font-weight: 400;\">\u2756 <\/span><b>Mejor deportista femenina del Programa de Escuelas Municipales Deportivas. <\/b><\/p>\n<p><span style=\"font-weight: 400;\">\u2756 <\/span><b>Mejor deportista del Programa de Escuelas Municipales Deportivas. <\/b><\/p>\n<p><span style=\"font-weight: 400;\">\u2756 <\/span><b>Trayectoria deportiva.\u00a0<\/b><\/p>\n<p><span style=\"font-weight: 400;\">\u2756 <\/span><b>Equipo\/Escuela\/Club m\u00e1s relevante.\u00a0<\/b><\/p>\n<p><span style=\"font-weight: 400;\">\u2756 <\/span><b>Deportista del a\u00f1o.\u00a0<\/b><\/p>\n<p><span style=\"font-weight: 400;\">Nota<\/span><span style=\"font-weight: 400;\">: Los dos primeros premios est\u00e1n dirigidos a usuarios de las Escuelas Municipales\u00a0 Deportivas, el resto al conjunto de entidades, asociaciones, club o personas f\u00edsicas que\u00a0 tienen relaci\u00f3n con el deporte local.<\/span><span style=\"font-weight: 400;\"><br \/>\n<\/span><\/p>\n<p><b>3.- CANDIDATURAS\u00a0<\/b><\/p>\n<p><span style=\"font-weight: 400;\">\u25aa <\/span><span style=\"font-weight: 400;\">Podr\u00e1n ser premiados los deportistas, entrenadores\/monitores o directivos; los\u00a0 clubes deportivos que, legalmente constituidos e inscritos en el registro correspondiente, desarrollen su actividad vinculada a Herrera del Duque; los\u00a0 equipos que pertenezcan a dichos clubes deportivos; las empresas, clubes o\u00a0 personas que acrediten su colaboraci\u00f3n desinteresada por el deporte de Herrera\u00a0 del Duque.\u00a0<\/span><\/p>\n<p><span style=\"font-weight: 400;\">\u25aa <\/span><span style=\"font-weight: 400;\">Las Candidaturas deber\u00e1n presentarse dentro de los plazos de presentaci\u00f3n\u00a0 previstos en la convocatoria<\/span><b>. El plazo para la presentaci\u00f3n de candidaturas\u00a0 comprende desde la publicaci\u00f3n de estas bases hasta las 14:00 h. del <\/b><b>viernes 2 de <\/b><b>\u00a0<\/b><b>diciembre de 2022<\/b><b>. <\/b><span style=\"font-weight: 400;\">Deber\u00e1n entregarse en el Registro \u00danico del Ayuntamiento de\u00a0 Herrera del Duque.\u00a0<\/span><\/p>\n<p><span style=\"font-weight: 400;\">\u25aa <\/span><span style=\"font-weight: 400;\">Los candidaturas pueden ser propuestas por cualquier persona f\u00edsica o jur\u00eddica del\u00a0 municipio (directamente o a propuesta de cualquier entidad), con lo que cualquier\u00a0 persona o entidad se podr\u00e1 presentar libremente, debiendo cumplir los criterios de\u00a0 acceso relacionados de las presente bases y presentar la candidatura\u00a0 cumplimentando el modelo adjunto a las presentes bases y presentando la\u00a0<\/span><\/p>\n<p><span style=\"font-weight: 400;\">documentaci\u00f3n que se considere conveniente acreditativa de los m\u00e9ritos\u00a0 deportivos que alegan en cada premio que se presente.\u00a0<\/span><\/p>\n<p><span style=\"font-weight: 400;\">\u25aa <\/span><span style=\"font-weight: 400;\">En las solicitudes ajustadas al modelo que se publicar\u00e1 como anexo, se har\u00e1\u00a0 constar, adem\u00e1s del curr\u00edculo que refleje los m\u00e9ritos alegados, las actividades que\u00a0 se hayan realizado y los resultados que se hubiesen obtenido en la temporada\u00a0 2021\/2022 o en la carrera deportiva del concurrente dependiendo de la categor\u00eda\u00a0 a la que se aspire.\u00a0<\/span><\/p>\n<p><span style=\"font-weight: 400;\">\u25aa <\/span><span style=\"font-weight: 400;\">Los premiados ser\u00e1n elegidos por el jurado, que estar\u00e1 compuesto por un consejo\u00a0 de participaci\u00f3n ciudadana.\u00a0<\/span><\/p>\n<p><span style=\"font-weight: 400;\">\u25aa <\/span><span style=\"font-weight: 400;\">En caso de que el Jurado no considere a ninguno de los candidatos merecedores\u00a0 de los premios, los podr\u00e1 declarar desiertos. El Jurado, se reserva el derecho a\u00a0 otorgar menci\u00f3n especial a personas que sin estar nominadas y sin tener que hacer\u00a0 votaci\u00f3n alguna, considere oportuno.\u00a0<\/span><\/p>\n<p><span style=\"font-weight: 400;\">\u25aa <\/span><span style=\"font-weight: 400;\">En el caso de que un miembro del jurado tenga una vinculaci\u00f3n directa con\u00a0 cualquiera de las candidaturas presentadas, se abstendr\u00e1 de participar en la\u00a0 deliberaci\u00f3n y en el razonamiento de \u00e9sta, as\u00ed como ejercer su derecho a voto.\u00a0<\/span><\/p>\n<p><span style=\"font-weight: 400;\">\u25aa <\/span><span style=\"font-weight: 400;\">El procedimiento de elecci\u00f3n ser\u00e1 el siguiente: cada miembro del jurado deber\u00e1\u00a0 rellenar una papeleta donde seleccionar\u00e1n a 3 candidatos de cada categor\u00eda,\u00a0 seg\u00fan sus m\u00e9ritos y deber\u00e1 asignar a \u00e9stos, uno, dos o tres puntos. Las candidaturas\u00a0 con mayor puntuaci\u00f3n ser\u00e1n las ganadoras. En caso de empate en cualquiera de las modalidades, se realizar\u00e1 una nueva votaci\u00f3n para las\u00a0 candidaturas igualadas, en caso de persistir el empate prevalecer\u00e1 el voto de\u00a0 calidad del Presidente o Concejal en quien delegue.\u00a0<\/span><\/p>\n<p><span style=\"font-weight: 400;\">\u25aa <\/span><span style=\"font-weight: 400;\">El secretario del Jurado se encargar\u00e1 de redactar el acta final, donde se\u00a0 especificar\u00e1n los m\u00e9ritos que concurren en cada una de las modalidades de los\u00a0 Premios, debiendo firmar la misma junto con el Presidente o Concejal.<\/span><\/p>\n<p><b>4.- PREMIADOS\u00a0<\/b><\/p>\n<p><span style=\"font-weight: 400;\">\u25aa <\/span><span style=\"font-weight: 400;\">El fallo del jurado para otorgar los premios tendr\u00e1 lugar el <\/span><b>mi\u00e9rcoles, 7 de diciembre\u00a0 a las 19.00 horas en la sala de Juntas del Ayuntamiento de Herrera del Duque, <\/b><span style=\"font-weight: 400;\">tras\u00a0 deliberaci\u00f3n del consejo de participaci\u00f3n ciudadana organizado al efecto.\u00a0<\/span><\/p>\n<p><span style=\"font-weight: 400;\">\u25aa <\/span><span style=\"font-weight: 400;\">La entrega de los premios se realizar\u00e1 durante el transcurso de la VI GALA SOLIDARIA\u00a0 DEL DEPORTE LOCAL, a celebrar en el Palacio de Cultura, <\/span><b>el viernes 16 de diciembre<\/b> <b>de 2022, a las 20.30 horas<\/b><span style=\"font-weight: 400;\">.\u00a0\u00a0<\/span><\/p>\n<p><b>5.- JURADO\u00a0<\/b><\/p>\n<p><span style=\"font-weight: 400;\">El jurado corresponder\u00e1 a un consejo de participaci\u00f3n ciudadana creado para la\u00a0 ocasi\u00f3n y compuesto por:\u00a0<\/span><\/p>\n<ul>\n<li><span style=\"font-weight: 400;\">Presidente: Alcalde o concejal en qui\u00e9n delegue.\u00a0<\/span><\/li>\n<li><span style=\"font-weight: 400;\">Secretaria: Secretaria de la corporaci\u00f3n o funcionario en quien delegue (con\u00a0 voz pero sin voto).\u00a0<\/span><\/li>\n<li><span style=\"font-weight: 400;\">Personal de la Concejal\u00eda de Deportes.\u00a0<\/span><\/li>\n<li><span style=\"font-weight: 400;\">Presidentes o persona en quien delegue de todas las asociaciones o clubes del\u00a0 municipio inscritas en el Registro de Asociaci\u00f3n de la localidad.\u00a0<\/span><\/li>\n<\/ul>\n","protected":false},"excerpt":{"rendered":"<p>El viernes 16 de diciembre se celebra la la nueva edici&oacute;n de la Gala&#8230;<\/p>\n","protected":false},"author":1,"featured_media":5692091,"comment_status":"closed","ping_status":"closed","sticky":false,"template":"","format":"standard","meta":[],"categories":[12],"tags":[],"_links":{"self":[{"href":"https:\/\/www.herreradelduque.com\/en\/wp-json\/wp\/v2\/posts\/5692090"}],"collection":[{"href":"https:\/\/www.herreradelduque.com\/en\/wp-json\/wp\/v2\/posts"}],"about":[{"href":"https:\/\/www.herreradelduque.com\/en\/wp-json\/wp\/v2\/types\/post"}],"author":[{"embeddable":true,"href":"https:\/\/www.herreradelduque.com\/en\/wp-json\/wp\/v2\/users\/1"}],"replies":[{"embeddable":true,"href":"https:\/\/www.herreradelduque.com\/en\/wp-json\/wp\/v2\/comments?post=5692090"}],"version-history":[{"count":1,"href":"https:\/\/www.herreradelduque.com\/en\/wp-json\/wp\/v2\/posts\/5692090\/revisions"}],"predecessor-version":[{"id":5692093,"href":"https:\/\/www.herreradelduque.com\/en\/wp-json\/wp\/v2\/posts\/5692090\/revisions\/5692093"}],"wp:featuredmedia":[{"embeddable":true,"href":"https:\/\/www.herreradelduque.com\/en\/wp-json\/wp\/v2\/media\/5692091"}],"wp:attachment":[{"href":"https:\/\/www.herreradelduque.com\/en\/wp-json\/wp\/v2\/media?parent=5692090"}],"wp:term":[{"taxonomy":"category","embeddable":true,"href":"https:\/\/www.herreradelduque.com\/en\/wp-json\/wp\/v2\/categories?post=5692090"},{"taxonomy":"post_tag","embeddable":true,"href":"https:\/\/www.herreradelduque.com\/en\/wp-json\/wp\/v2\/tags?post=5692090"}],"curies":[{"name":"wp","href":"https:\/\/api.w.org\/{rel}","templated":true}]}}